{"id":55818,"date":"2025-09-19T07:34:45","date_gmt":"2025-09-19T04:34:45","guid":{"rendered":"https:\/\/www.egemtv.com\/?p=55818"},"modified":"2025-09-19T07:34:46","modified_gmt":"2025-09-19T04:34:46","slug":"muglada-alevli-gece","status":"publish","type":"post","link":"https:\/\/www.egemtv.com\/?p=55818","title":{"rendered":"Mu\u011fla\u2019da alevli gece"},"content":{"rendered":"<p>Mu\u011fla\u2019da d\u00fcn ak\u015fam saatlerinden itibaren pe\u015f pe\u015fe ba\u015flayan orman yang\u0131nlar\u0131 i\u00e7in adeta seferberlik ilan edildi. Yang\u0131nlardan 4\u2019\u00fc s\u00f6nd\u00fcr\u00fcl\u00fcrken Milas\u2019ta 2 ayr\u0131 K\u00f6yce\u011fiz\u2019de ise bir orman yang\u0131n\u0131 olmak \u00fczere 3 ayr\u0131 yang\u0131n\u0131 s\u00f6nd\u00fcrme \u00e7al\u0131\u015fmalar\u0131 devam ediyor.<br \/>\n<br \/>\u0130lk yang\u0131n gece saat 22: 15 s\u0131ralar\u0131nda Milas Akkovanl\u0131k ile Ayd\u0131n\u2019\u0131n \u00c7ine il\u00e7esine ba\u011fl\u0131 So\u011fukoluk k\u00f6y\u00fc aras\u0131nda kalan ormanl\u0131k alanda \u00e7\u0131kt\u0131. B\u00f6lge genelinde etkili olan r\u00fczgar nedeniyle k\u0131sa s\u00fcrede b\u00fcy\u00fcyen yang\u0131n\u0131 s\u00f6nd\u00fcrmek i\u00e7in ekiplerin \u00e7al\u0131\u015fmalar\u0131 devam ediyor.<br \/>\n<br \/>\u0130kinci yang\u0131n saat 22: 35 s\u0131ralar\u0131nda Fethiye \u00c7al\u0131ca b\u00f6lgesinde meydana geldi. Ekiplerin h\u0131zl\u0131 \u015fekilde m\u00fcdahalesi ile bu yang\u0131n b\u00fcy\u00fcmeden s\u00f6nd\u00fcr\u00fcld\u00fc.<br \/>\n<br \/>Pe\u015f pe\u015fe yang\u0131nlar\u0131n meydana geldi\u011fi Mu\u011fla\u2019da \u00fc\u00e7\u00fcnc\u00fc yang\u0131n ise Milas K\u0131y\u0131k\u0131\u015flac\u0131k b\u00f6lgesinde \u00e7\u0131kt\u0131. Saat 23.37\u2019de e \u00e7\u0131kan yang\u0131n da r\u00fczgar\u0131n da \u015fiddeti ile h\u0131zla b\u00f6lgeye yay\u0131ld\u0131. Orman ekiplerinin yan\u0131 s\u0131ra itfaiye ekipleri ve k\u00f6yl\u00fcler ile g\u00f6n\u00fcll\u00fclerin de s\u00f6nd\u00fcrme \u00e7al\u0131\u015fmalar\u0131na destek verdi\u011fi yang\u0131n gece boyunca devem etti. \u00c7evre illerden de destek ekiplerinin g\u00f6nderildi\u011fi yang\u0131n\u0131 s\u00f6nd\u00fcrme \u00e7al\u0131\u015fmalar\u0131 devam ediyor.<br \/>\n<br \/>Mu\u011fla\u2019da ayn\u0131 gece d\u00f6rd\u00fcnc\u00fc yang\u0131n ihbar\u0131 ise K\u00f6yce\u011fiz Akk\u00f6pr\u00fc Bozburun mevkiinden geldi. Saat 00.36 da \u00e7\u0131kan yang\u0131n da yine r\u00fczgar\u0131n etkisi ile h\u0131zla b\u00fcy\u00fcd\u00fc. BU b\u00f6lgedeki yang\u0131n\u0131 s\u00f6nd\u00fcrme \u00e7al\u0131\u015fmalar\u0131 da devam ediyor.<br \/>\n<br \/>Be\u015finci yang\u0131n Mu\u011fla Merkez Da\u011fp\u0131nar k\u00f6y\u00fc yak\u0131nlar\u0131nda \u00e7\u0131kt\u0131. Saat 00.42 de ziraat alanda \u00e7\u0131kan yang\u0131n ekiplerin m\u00fcdahalesiyle b\u00fcy\u00fcmeden s\u00f6nd\u00fcr\u00fcld\u00fc. B\u00f6lgede alt\u0131nc\u0131 yang\u0131n Dat\u00e7a Re\u015fadiye yak\u0131nlar\u0131nda ziraat alanda \u00e7\u0131kt\u0131. Saat 02.21 de \u00e7\u0131kan yang\u0131n da ekiplerin m\u00fcdahalesiyle b\u00fcy\u00fcmeden s\u00f6nd\u00fcr\u00fcl\u00fcrken yedinci yang\u0131n Mu\u011fla Merkez Ortak\u00f6y yak\u0131nlar\u0131nda ziraat alanda \u00e7\u0131kt\u0131. Saat 03.34 de \u00e7\u0131kan yang\u0131n da ekiplerin m\u00fcdahalesiyle b\u00fcy\u00fcmeden s\u00f6nd\u00fcr\u00fcld\u00fc.<br \/>\n<br \/>Mu\u011fla\u2019da gece saatlerinden itibaren pe\u015f pe\u015fe \u00e7\u0131kan 7 yang\u0131ndan 4\u2019\u00fc s\u00f6nd\u00fcr\u00fcl\u00fcrken Milas\u2019taki 2 yang\u0131n ile K\u00f6yce\u011fiz\u2019deki 1 orman yang\u0131n\u0131 olmak \u00fczere devam eden 3 ayr\u0131 orman yang\u0131n\u0131n\u0131 s\u00f6nd\u00fcrme \u00e7al\u0131\u015fmalar\u0131 s\u00fcrd\u00fcr\u00fcl\u00fcyor.<br \/>\n<br \/>Hava m\u00fcdahalesi ba\u015flad\u0131<br \/>\n<br \/>Gece havan\u0131n karanl\u0131k olmas\u0131ndan dolay\u0131 hava m\u00fcdahalesi yap\u0131lamayan yang\u0131nlara g\u00fcn\u00fcn ayd\u0131nlanmas\u0131 ile hava m\u00fcdahalesi de ba\u015flad\u0131.<br \/><\/p>\n","protected":false},"excerpt":{"rendered":"<p>Mu\u011fla\u2019da d\u00fcn ak\u015fam saatlerinden itibaren pe\u015f pe\u015fe ba\u015flayan orman yang\u0131nlar\u0131 i\u00e7in adeta seferberlik ilan edildi. Yang\u0131nlardan 4\u2019\u00fc s\u00f6nd\u00fcr\u00fcl\u00fcrken Milas\u2019ta 2 ayr\u0131 K\u00f6yce\u011fiz\u2019de ise bir orman yang\u0131n\u0131 olmak \u00fczere 3 ayr\u0131 yang\u0131n\u0131 s\u00f6nd\u00fcrme \u00e7al\u0131\u015fmalar\u0131 devam ediyor. \u0130lk yang\u0131n gece saat 22: 15 s\u0131ralar\u0131nda Milas Akkovanl\u0131k ile Ayd\u0131n\u2019\u0131n \u00c7ine il\u00e7esine ba\u011fl\u0131 So\u011fukoluk k\u00f6y\u00fc aras\u0131nda kalan ormanl\u0131k alanda&#8230;<\/p>\n","protected":false},"author":1,"featured_media":55819,"comment_status":"open","ping_status":"open","sticky":false,"template":"","format":"standard","meta":{"_crdt_document":"","footnotes":""},"categories":[5],"tags":[],"class_list":["post-55818","post","type-post","status-publish","format-standard","has-post-thumbnail","hentry","category-asayis"],"_links":{"self":[{"href":"https:\/\/www.egemtv.com\/index.php?rest_route=\/wp\/v2\/posts\/55818","targetHints":{"allow":["GET"]}}],"collection":[{"href":"https:\/\/www.egemtv.com\/index.php?rest_route=\/wp\/v2\/posts"}],"about":[{"href":"https:\/\/www.egemtv.com\/index.php?rest_route=\/wp\/v2\/types\/post"}],"author":[{"embeddable":true,"href":"https:\/\/www.egemtv.com\/index.php?rest_route=\/wp\/v2\/users\/1"}],"replies":[{"embeddable":true,"href":"https:\/\/www.egemtv.com\/index.php?rest_route=%2Fwp%2Fv2%2Fcomments&post=55818"}],"version-history":[{"count":1,"href":"https:\/\/www.egemtv.com\/index.php?rest_route=\/wp\/v2\/posts\/55818\/revisions"}],"predecessor-version":[{"id":55820,"href":"https:\/\/www.egemtv.com\/index.php?rest_route=\/wp\/v2\/posts\/55818\/revisions\/55820"}],"wp:featuredmedia":[{"embeddable":true,"href":"https:\/\/www.egemtv.com\/index.php?rest_route=\/wp\/v2\/media\/55819"}],"wp:attachment":[{"href":"https:\/\/www.egemtv.com\/index.php?rest_route=%2Fwp%2Fv2%2Fmedia&parent=55818"}],"wp:term":[{"taxonomy":"category","embeddable":true,"href":"https:\/\/www.egemtv.com\/index.php?rest_route=%2Fwp%2Fv2%2Fcategories&post=55818"},{"taxonomy":"post_tag","embeddable":true,"href":"https:\/\/www.egemtv.com\/index.php?rest_route=%2Fwp%2Fv2%2Ftags&post=55818"}],"curies":[{"name":"wp","href":"https:\/\/api.w.org\/{rel}","templated":true}]}}