{"id":55815,"date":"2025-09-19T02:14:30","date_gmt":"2025-09-18T23:14:30","guid":{"rendered":"https:\/\/www.egemtv.com\/?p=55815"},"modified":"2025-09-19T02:14:31","modified_gmt":"2025-09-18T23:14:31","slug":"koycegizde-orman-yangini-mudahale-devam-ediyor","status":"publish","type":"post","link":"https:\/\/www.egemtv.com\/?p=55815","title":{"rendered":"K\u00f6yce\u011fiz\u2019de orman yang\u0131n\u0131 m\u00fcdahale devam ediyor"},"content":{"rendered":"<p>Mu\u011fla\u2019n\u0131n K\u00f6yce\u011fiz il\u00e7esine ba\u011fl\u0131 Akk\u00f6pr\u00fc Mahallesinde meydana gelen orman yang\u0131n\u0131na ekiplerin m\u00fcdahalesi devam ediyor.<br \/>\n<br \/>Edinilen bilgiye g\u00f6re K\u00f6yce\u011fiz il\u00e7esine ba\u011fl\u0131 Akk\u00f6pr\u00fc mahallesinde hen\u00fcz bilinmeyen bir nedenle yang\u0131n \u00e7\u0131kt\u0131 yang\u0131n\u0131 g\u00f6ren vatanda\u015flar durumu 112 acil \u00e7a\u011fr\u0131 merkezine bildirmesi \u00fczerine b\u00f6lgeye \u00e7ok say\u0131da itfaiye, jandarma ve Mu\u011fla Orman \u0130\u015fletme M\u00fcd\u00fcrl\u00fc\u011f\u00fcne ba\u011fl\u0131 ekipler sevk edildi b\u00f6lgeye gelen ekiplerin yang\u0131n\u0131 s\u00f6nd\u00fcrme \u00e7al\u0131\u015fmas\u0131 devam ediyor.<br \/><\/p>\n","protected":false},"excerpt":{"rendered":"<p>Mu\u011fla\u2019n\u0131n K\u00f6yce\u011fiz il\u00e7esine ba\u011fl\u0131 Akk\u00f6pr\u00fc Mahallesinde meydana gelen orman yang\u0131n\u0131na ekiplerin m\u00fcdahalesi devam ediyor. Edinilen bilgiye g\u00f6re K\u00f6yce\u011fiz il\u00e7esine ba\u011fl\u0131 Akk\u00f6pr\u00fc mahallesinde hen\u00fcz bilinmeyen bir nedenle yang\u0131n \u00e7\u0131kt\u0131 yang\u0131n\u0131 g\u00f6ren vatanda\u015flar durumu 112 acil \u00e7a\u011fr\u0131 merkezine bildirmesi \u00fczerine b\u00f6lgeye \u00e7ok say\u0131da itfaiye, jandarma ve Mu\u011fla Orman \u0130\u015fletme M\u00fcd\u00fcrl\u00fc\u011f\u00fcne ba\u011fl\u0131 ekipler sevk edildi b\u00f6lgeye gelen ekiplerin&#8230;<\/p>\n","protected":false},"author":1,"featured_media":55816,"comment_status":"open","ping_status":"open","sticky":false,"template":"","format":"standard","meta":{"_crdt_document":"","footnotes":""},"categories":[5],"tags":[],"class_list":["post-55815","post","type-post","status-publish","format-standard","has-post-thumbnail","hentry","category-asayis"],"_links":{"self":[{"href":"https:\/\/www.egemtv.com\/index.php?rest_route=\/wp\/v2\/posts\/55815","targetHints":{"allow":["GET"]}}],"collection":[{"href":"https:\/\/www.egemtv.com\/index.php?rest_route=\/wp\/v2\/posts"}],"about":[{"href":"https:\/\/www.egemtv.com\/index.php?rest_route=\/wp\/v2\/types\/post"}],"author":[{"embeddable":true,"href":"https:\/\/www.egemtv.com\/index.php?rest_route=\/wp\/v2\/users\/1"}],"replies":[{"embeddable":true,"href":"https:\/\/www.egemtv.com\/index.php?rest_route=%2Fwp%2Fv2%2Fcomments&post=55815"}],"version-history":[{"count":1,"href":"https:\/\/www.egemtv.com\/index.php?rest_route=\/wp\/v2\/posts\/55815\/revisions"}],"predecessor-version":[{"id":55817,"href":"https:\/\/www.egemtv.com\/index.php?rest_route=\/wp\/v2\/posts\/55815\/revisions\/55817"}],"wp:featuredmedia":[{"embeddable":true,"href":"https:\/\/www.egemtv.com\/index.php?rest_route=\/wp\/v2\/media\/55816"}],"wp:attachment":[{"href":"https:\/\/www.egemtv.com\/index.php?rest_route=%2Fwp%2Fv2%2Fmedia&parent=55815"}],"wp:term":[{"taxonomy":"category","embeddable":true,"href":"https:\/\/www.egemtv.com\/index.php?rest_route=%2Fwp%2Fv2%2Fcategories&post=55815"},{"taxonomy":"post_tag","embeddable":true,"href":"https:\/\/www.egemtv.com\/index.php?rest_route=%2Fwp%2Fv2%2Ftags&post=55815"}],"curies":[{"name":"wp","href":"https:\/\/api.w.org\/{rel}","templated":true}]}}