{"id":55806,"date":"2025-09-19T01:14:33","date_gmt":"2025-09-18T22:14:33","guid":{"rendered":"https:\/\/www.egemtv.com\/?p=55806"},"modified":"2025-09-19T01:14:34","modified_gmt":"2025-09-18T22:14:34","slug":"milasta-orman-yangini-3","status":"publish","type":"post","link":"https:\/\/www.egemtv.com\/?p=55806","title":{"rendered":"Milas\u2019ta orman yang\u0131n\u0131"},"content":{"rendered":"<p>Mu\u011fla\u2019n\u0131n Milas il\u00e7esi K\u0131y\u0131k\u0131\u015flac\u0131k Mahallesinde meydana gelen orman yang\u0131n\u0131na ekipler m\u00fcdahale ediyor.<br \/>\n<br \/>Edinilen bilgiye g\u00f6re Milas il\u00e7esine ba\u011fl\u0131 K\u0131y\u0131k\u0131\u015flac\u0131k mahallesinde hen\u00fcz bilinmeyen bir nedenle yang\u0131n \u00e7\u0131kt\u0131 yang\u0131n\u0131 g\u00f6ren vatanda\u015flar durumu 112 acil \u00e7a\u011fr\u0131 merkezine bildirmesi \u00fczerine b\u00f6lgeye \u00e7ok say\u0131da itfaiye, jandarma ve Mu\u011fla Orman \u0130\u015fletme M\u00fcd\u00fcrl\u00fc\u011f\u00fcne ba\u011fl\u0131 ekipler sevk edildi b\u00f6lgeye gelen ekiplerin m\u00fcdahalesi s\u00fcr\u00fcyor.<br \/><\/p>\n","protected":false},"excerpt":{"rendered":"<p>Mu\u011fla\u2019n\u0131n Milas il\u00e7esi K\u0131y\u0131k\u0131\u015flac\u0131k Mahallesinde meydana gelen orman yang\u0131n\u0131na ekipler m\u00fcdahale ediyor. Edinilen bilgiye g\u00f6re Milas il\u00e7esine ba\u011fl\u0131 K\u0131y\u0131k\u0131\u015flac\u0131k mahallesinde hen\u00fcz bilinmeyen bir nedenle yang\u0131n \u00e7\u0131kt\u0131 yang\u0131n\u0131 g\u00f6ren vatanda\u015flar durumu 112 acil \u00e7a\u011fr\u0131 merkezine bildirmesi \u00fczerine b\u00f6lgeye \u00e7ok say\u0131da itfaiye, jandarma ve Mu\u011fla Orman \u0130\u015fletme M\u00fcd\u00fcrl\u00fc\u011f\u00fcne ba\u011fl\u0131 ekipler sevk edildi b\u00f6lgeye gelen ekiplerin m\u00fcdahalesi s\u00fcr\u00fcyor.<\/p>\n","protected":false},"author":1,"featured_media":55807,"comment_status":"open","ping_status":"open","sticky":false,"template":"","format":"standard","meta":{"_crdt_document":"","footnotes":""},"categories":[5],"tags":[],"class_list":["post-55806","post","type-post","status-publish","format-standard","has-post-thumbnail","hentry","category-asayis"],"_links":{"self":[{"href":"https:\/\/www.egemtv.com\/index.php?rest_route=\/wp\/v2\/posts\/55806","targetHints":{"allow":["GET"]}}],"collection":[{"href":"https:\/\/www.egemtv.com\/index.php?rest_route=\/wp\/v2\/posts"}],"about":[{"href":"https:\/\/www.egemtv.com\/index.php?rest_route=\/wp\/v2\/types\/post"}],"author":[{"embeddable":true,"href":"https:\/\/www.egemtv.com\/index.php?rest_route=\/wp\/v2\/users\/1"}],"replies":[{"embeddable":true,"href":"https:\/\/www.egemtv.com\/index.php?rest_route=%2Fwp%2Fv2%2Fcomments&post=55806"}],"version-history":[{"count":1,"href":"https:\/\/www.egemtv.com\/index.php?rest_route=\/wp\/v2\/posts\/55806\/revisions"}],"predecessor-version":[{"id":55808,"href":"https:\/\/www.egemtv.com\/index.php?rest_route=\/wp\/v2\/posts\/55806\/revisions\/55808"}],"wp:featuredmedia":[{"embeddable":true,"href":"https:\/\/www.egemtv.com\/index.php?rest_route=\/wp\/v2\/media\/55807"}],"wp:attachment":[{"href":"https:\/\/www.egemtv.com\/index.php?rest_route=%2Fwp%2Fv2%2Fmedia&parent=55806"}],"wp:term":[{"taxonomy":"category","embeddable":true,"href":"https:\/\/www.egemtv.com\/index.php?rest_route=%2Fwp%2Fv2%2Fcategories&post=55806"},{"taxonomy":"post_tag","embeddable":true,"href":"https:\/\/www.egemtv.com\/index.php?rest_route=%2Fwp%2Fv2%2Ftags&post=55806"}],"curies":[{"name":"wp","href":"https:\/\/api.w.org\/{rel}","templated":true}]}}