{"id":55803,"date":"2025-09-18T23:15:22","date_gmt":"2025-09-18T20:15:22","guid":{"rendered":"https:\/\/www.egemtv.com\/?p=55803"},"modified":"2025-09-18T23:15:23","modified_gmt":"2025-09-18T20:15:23","slug":"incirliovada-cam-agaci-kuvvetli-ruzgara-dayanamadi","status":"publish","type":"post","link":"https:\/\/www.egemtv.com\/?p=55803","title":{"rendered":"\u0130ncirliova\u2019da \u00e7am a\u011fac\u0131 kuvvetli r\u00fczgara dayanamad\u0131"},"content":{"rendered":"<p>Ayd\u0131n\u2019\u0131n \u0130ncirliova il\u00e7esinde ak\u015fam saatlerinde etkili olan kuvvetli r\u00fczgar nedeniyle \u0130l\u00e7e Halk K\u00fct\u00fcphanesi \u00f6n\u00fcnde bulunan \u00e7am a\u011fac\u0131 yan yatt\u0131.<br \/>\n<br \/>Devrilme tehlikesi olu\u015fturan a\u011fa\u00e7 i\u00e7in b\u00f6lgeye polis, itfaiye ve belediye ekipleri sevk edildi. Polis ekipleri T\u00fcrkan Saylan Caddesi\u2019ni ara\u00e7 ve yaya trafi\u011fine kapatarak vatanda\u015flar\u0131 g\u00fcvenlik amac\u0131yla uzakla\u015ft\u0131rd\u0131.<br \/>\n<br \/>Belediye ekipleri, a\u011fac\u0131 kontroll\u00fc bir \u015fekilde keserek i\u015f makinesi yard\u0131m\u0131yla kald\u0131rd\u0131. Temizlik \u00e7al\u0131\u015fmalar\u0131n\u0131n tamamlanmas\u0131n\u0131n ard\u0131ndan cadde yeniden trafi\u011fe a\u00e7\u0131ld\u0131.<br \/><\/p>\n","protected":false},"excerpt":{"rendered":"<p>Ayd\u0131n\u2019\u0131n \u0130ncirliova il\u00e7esinde ak\u015fam saatlerinde etkili olan kuvvetli r\u00fczgar nedeniyle \u0130l\u00e7e Halk K\u00fct\u00fcphanesi \u00f6n\u00fcnde bulunan \u00e7am a\u011fac\u0131 yan yatt\u0131. Devrilme tehlikesi olu\u015fturan a\u011fa\u00e7 i\u00e7in b\u00f6lgeye polis, itfaiye ve belediye ekipleri sevk edildi. Polis ekipleri T\u00fcrkan Saylan Caddesi\u2019ni ara\u00e7 ve yaya trafi\u011fine kapatarak vatanda\u015flar\u0131 g\u00fcvenlik amac\u0131yla uzakla\u015ft\u0131rd\u0131. Belediye ekipleri, a\u011fac\u0131 kontroll\u00fc bir \u015fekilde keserek i\u015f makinesi&#8230;<\/p>\n","protected":false},"author":1,"featured_media":55804,"comment_status":"open","ping_status":"open","sticky":false,"template":"","format":"standard","meta":{"_crdt_document":"","footnotes":""},"categories":[5],"tags":[],"class_list":["post-55803","post","type-post","status-publish","format-standard","has-post-thumbnail","hentry","category-asayis"],"_links":{"self":[{"href":"https:\/\/www.egemtv.com\/index.php?rest_route=\/wp\/v2\/posts\/55803","targetHints":{"allow":["GET"]}}],"collection":[{"href":"https:\/\/www.egemtv.com\/index.php?rest_route=\/wp\/v2\/posts"}],"about":[{"href":"https:\/\/www.egemtv.com\/index.php?rest_route=\/wp\/v2\/types\/post"}],"author":[{"embeddable":true,"href":"https:\/\/www.egemtv.com\/index.php?rest_route=\/wp\/v2\/users\/1"}],"replies":[{"embeddable":true,"href":"https:\/\/www.egemtv.com\/index.php?rest_route=%2Fwp%2Fv2%2Fcomments&post=55803"}],"version-history":[{"count":1,"href":"https:\/\/www.egemtv.com\/index.php?rest_route=\/wp\/v2\/posts\/55803\/revisions"}],"predecessor-version":[{"id":55805,"href":"https:\/\/www.egemtv.com\/index.php?rest_route=\/wp\/v2\/posts\/55803\/revisions\/55805"}],"wp:featuredmedia":[{"embeddable":true,"href":"https:\/\/www.egemtv.com\/index.php?rest_route=\/wp\/v2\/media\/55804"}],"wp:attachment":[{"href":"https:\/\/www.egemtv.com\/index.php?rest_route=%2Fwp%2Fv2%2Fmedia&parent=55803"}],"wp:term":[{"taxonomy":"category","embeddable":true,"href":"https:\/\/www.egemtv.com\/index.php?rest_route=%2Fwp%2Fv2%2Fcategories&post=55803"},{"taxonomy":"post_tag","embeddable":true,"href":"https:\/\/www.egemtv.com\/index.php?rest_route=%2Fwp%2Fv2%2Ftags&post=55803"}],"curies":[{"name":"wp","href":"https:\/\/api.w.org\/{rel}","templated":true}]}}