{"id":55800,"date":"2025-09-18T23:15:21","date_gmt":"2025-09-18T20:15:21","guid":{"rendered":"https:\/\/www.egemtv.com\/?p=55800"},"modified":"2025-09-18T23:15:22","modified_gmt":"2025-09-18T20:15:22","slug":"milasta-cikan-sazlik-yangini-hizli-mudahaleyle-kontrol-altina-alindi","status":"publish","type":"post","link":"https:\/\/www.egemtv.com\/?p=55800","title":{"rendered":"Milas\u2019ta \u00e7\u0131kan sazl\u0131k yang\u0131n\u0131 h\u0131zl\u0131 m\u00fcdahaleyle kontrol alt\u0131na al\u0131nd\u0131"},"content":{"rendered":"<p>Mu\u011fla\u2019n\u0131n Milas il\u00e7esine ba\u011fl\u0131 \u00c7omakda\u011f Mahallesi\u2019nde \u00e7\u0131kan sazl\u0131k yang\u0131n\u0131, ekiplerin zaman\u0131nda ve etkili m\u00fcdahalesi sayesinde b\u00fcy\u00fcmeden kontrol alt\u0131na al\u0131nd\u0131.<\/p>\n<p>Hen\u00fcz bilinmeyen bir sebeple ba\u015flayan yang\u0131n, r\u00fczgar\u0131n da etkisiyle k\u0131sa s\u00fcrede geni\u015f bir alana yay\u0131ld\u0131. Yang\u0131n\u0131 fark eden vatanda\u015flar 112 Acil \u00c7a\u011fr\u0131 Merkezi\u2019ne haber verdi. \u0130hbar \u00fczerine b\u00f6lgeye \u00e7ok say\u0131da itfaiye, jandarma ve Mu\u011fla Orman \u0130\u015fletme M\u00fcd\u00fcrl\u00fc\u011f\u00fc ekipleri sevk edildi.<br \/>\n<br \/>Ekiplerin h\u0131zl\u0131 \u00e7al\u0131\u015fmas\u0131 sonucunda alevler k\u0131sa s\u00fcrede kontrol alt\u0131na al\u0131nd\u0131 ve yang\u0131n\u0131n daha fazla yay\u0131lmas\u0131 engellendi. B\u00f6lgede so\u011futma \u00e7al\u0131\u015fmalar\u0131 devam ederken, yang\u0131n\u0131n \u00e7\u0131k\u0131\u015f sebebine ili\u015fkin \u00e7al\u0131\u015fmalar s\u00fcr\u00fcyor.<br \/><\/p>\n","protected":false},"excerpt":{"rendered":"<p>Mu\u011fla\u2019n\u0131n Milas il\u00e7esine ba\u011fl\u0131 \u00c7omakda\u011f Mahallesi\u2019nde \u00e7\u0131kan sazl\u0131k yang\u0131n\u0131, ekiplerin zaman\u0131nda ve etkili m\u00fcdahalesi sayesinde b\u00fcy\u00fcmeden kontrol alt\u0131na al\u0131nd\u0131. Hen\u00fcz bilinmeyen bir sebeple ba\u015flayan yang\u0131n, r\u00fczgar\u0131n da etkisiyle k\u0131sa s\u00fcrede geni\u015f bir alana yay\u0131ld\u0131. Yang\u0131n\u0131 fark eden vatanda\u015flar 112 Acil \u00c7a\u011fr\u0131 Merkezi\u2019ne haber verdi. \u0130hbar \u00fczerine b\u00f6lgeye \u00e7ok say\u0131da itfaiye, jandarma ve Mu\u011fla Orman \u0130\u015fletme&#8230;<\/p>\n","protected":false},"author":1,"featured_media":55801,"comment_status":"open","ping_status":"open","sticky":false,"template":"","format":"standard","meta":{"_crdt_document":"","footnotes":""},"categories":[5],"tags":[],"class_list":["post-55800","post","type-post","status-publish","format-standard","has-post-thumbnail","hentry","category-asayis"],"_links":{"self":[{"href":"https:\/\/www.egemtv.com\/index.php?rest_route=\/wp\/v2\/posts\/55800","targetHints":{"allow":["GET"]}}],"collection":[{"href":"https:\/\/www.egemtv.com\/index.php?rest_route=\/wp\/v2\/posts"}],"about":[{"href":"https:\/\/www.egemtv.com\/index.php?rest_route=\/wp\/v2\/types\/post"}],"author":[{"embeddable":true,"href":"https:\/\/www.egemtv.com\/index.php?rest_route=\/wp\/v2\/users\/1"}],"replies":[{"embeddable":true,"href":"https:\/\/www.egemtv.com\/index.php?rest_route=%2Fwp%2Fv2%2Fcomments&post=55800"}],"version-history":[{"count":1,"href":"https:\/\/www.egemtv.com\/index.php?rest_route=\/wp\/v2\/posts\/55800\/revisions"}],"predecessor-version":[{"id":55802,"href":"https:\/\/www.egemtv.com\/index.php?rest_route=\/wp\/v2\/posts\/55800\/revisions\/55802"}],"wp:featuredmedia":[{"embeddable":true,"href":"https:\/\/www.egemtv.com\/index.php?rest_route=\/wp\/v2\/media\/55801"}],"wp:attachment":[{"href":"https:\/\/www.egemtv.com\/index.php?rest_route=%2Fwp%2Fv2%2Fmedia&parent=55800"}],"wp:term":[{"taxonomy":"category","embeddable":true,"href":"https:\/\/www.egemtv.com\/index.php?rest_route=%2Fwp%2Fv2%2Fcategories&post=55800"},{"taxonomy":"post_tag","embeddable":true,"href":"https:\/\/www.egemtv.com\/index.php?rest_route=%2Fwp%2Fv2%2Ftags&post=55800"}],"curies":[{"name":"wp","href":"https:\/\/api.w.org\/{rel}","templated":true}]}}