{"id":55797,"date":"2025-09-18T22:34:58","date_gmt":"2025-09-18T19:34:58","guid":{"rendered":"https:\/\/www.egemtv.com\/?p=55797"},"modified":"2025-09-18T22:34:58","modified_gmt":"2025-09-18T19:34:58","slug":"gocuk-altinda-kalan-iki-ciftcinin-cenazeleri-morga-kaldirildi","status":"publish","type":"post","link":"https:\/\/www.egemtv.com\/?p=55797","title":{"rendered":"G\u00f6\u00e7\u00fck alt\u0131nda kalan iki \u00e7ift\u00e7inin cenazeleri morga kald\u0131r\u0131ld\u0131"},"content":{"rendered":"<p>Manisa\u2019n\u0131n Akhisar il\u00e7esinde su kuyus\u0131 kazarken toprak kaymas\u0131 sonucu g\u00f6\u00e7\u00fck alt\u0131nda kalan iki \u00e7ift\u00e7inin cenazeleri toprak alt\u0131ndan \u00e7\u0131kar\u0131larak morga kald\u0131r\u0131ld\u0131.<br \/>\n<br \/>Olay, \u0130saca Mahallesi Sidan Yaylas\u0131 mevkiinde meydana geldi. Edinilen bilgiye g\u00f6re, amca \u00e7ocuklar\u0131 olduklar\u0131 \u00f6\u011frenilen Ercan Okatan (46) ile Erdal Okatan (44), kendi tarlalar\u0131na su sa\u011flamak amac\u0131yla kuyu kazd\u0131klar\u0131 s\u0131rada toprak kaymas\u0131 sonras\u0131 g\u00f6\u00e7\u00fck alt\u0131nda kald\u0131. Haber verilmesi \u00fczerine b\u00f6lgeye Manisa B\u00fcy\u00fck\u015fehir Belediyesi \u0130tfaiye Dairesi Ba\u015fkanl\u0131\u011f\u0131na ba\u011fl\u0131 ekipler ile Manisa \u0130l Jandarma Komutanl\u0131\u011f\u0131na ba\u011fl\u0131 JAK, AFAD, K\u0131z\u0131lay ve sa\u011fl\u0131k ekipleri sevk edildi. Ekiplerin ilk yapt\u0131klar\u0131 incelemede toprak alt\u0131nda kalan iki \u00e7ift\u00e7inin de hayat\u0131n\u0131 kaybetti\u011fi belirlendi. Ekiplerin uzun u\u011fra\u015flar\u0131 sonucu ilk olarak Erdal Okatan\u2019\u0131n cenazesi ard\u0131ndan da Ercan Okatan\u2019\u0131n cenazesi toprak alt\u0131ndan \u00e7\u0131kar\u0131larak Adli T\u0131p Kurumu morguna kald\u0131r\u0131ld\u0131.<br \/>\n<br \/>Olayla ilgili soru\u015fturma ba\u015flat\u0131ld\u0131.<br \/><\/p>\n","protected":false},"excerpt":{"rendered":"<p>Manisa\u2019n\u0131n Akhisar il\u00e7esinde su kuyus\u0131 kazarken toprak kaymas\u0131 sonucu g\u00f6\u00e7\u00fck alt\u0131nda kalan iki \u00e7ift\u00e7inin cenazeleri toprak alt\u0131ndan \u00e7\u0131kar\u0131larak morga kald\u0131r\u0131ld\u0131. Olay, \u0130saca Mahallesi Sidan Yaylas\u0131 mevkiinde meydana geldi. Edinilen bilgiye g\u00f6re, amca \u00e7ocuklar\u0131 olduklar\u0131 \u00f6\u011frenilen Ercan Okatan (46) ile Erdal Okatan (44), kendi tarlalar\u0131na su sa\u011flamak amac\u0131yla kuyu kazd\u0131klar\u0131 s\u0131rada toprak kaymas\u0131 sonras\u0131 g\u00f6\u00e7\u00fck alt\u0131nda&#8230;<\/p>\n","protected":false},"author":1,"featured_media":55798,"comment_status":"open","ping_status":"open","sticky":false,"template":"","format":"standard","meta":{"_crdt_document":"","footnotes":""},"categories":[5],"tags":[],"class_list":["post-55797","post","type-post","status-publish","format-standard","has-post-thumbnail","hentry","category-asayis"],"_links":{"self":[{"href":"https:\/\/www.egemtv.com\/index.php?rest_route=\/wp\/v2\/posts\/55797","targetHints":{"allow":["GET"]}}],"collection":[{"href":"https:\/\/www.egemtv.com\/index.php?rest_route=\/wp\/v2\/posts"}],"about":[{"href":"https:\/\/www.egemtv.com\/index.php?rest_route=\/wp\/v2\/types\/post"}],"author":[{"embeddable":true,"href":"https:\/\/www.egemtv.com\/index.php?rest_route=\/wp\/v2\/users\/1"}],"replies":[{"embeddable":true,"href":"https:\/\/www.egemtv.com\/index.php?rest_route=%2Fwp%2Fv2%2Fcomments&post=55797"}],"version-history":[{"count":1,"href":"https:\/\/www.egemtv.com\/index.php?rest_route=\/wp\/v2\/posts\/55797\/revisions"}],"predecessor-version":[{"id":55799,"href":"https:\/\/www.egemtv.com\/index.php?rest_route=\/wp\/v2\/posts\/55797\/revisions\/55799"}],"wp:featuredmedia":[{"embeddable":true,"href":"https:\/\/www.egemtv.com\/index.php?rest_route=\/wp\/v2\/media\/55798"}],"wp:attachment":[{"href":"https:\/\/www.egemtv.com\/index.php?rest_route=%2Fwp%2Fv2%2Fmedia&parent=55797"}],"wp:term":[{"taxonomy":"category","embeddable":true,"href":"https:\/\/www.egemtv.com\/index.php?rest_route=%2Fwp%2Fv2%2Fcategories&post=55797"},{"taxonomy":"post_tag","embeddable":true,"href":"https:\/\/www.egemtv.com\/index.php?rest_route=%2Fwp%2Fv2%2Ftags&post=55797"}],"curies":[{"name":"wp","href":"https:\/\/api.w.org\/{rel}","templated":true}]}}