{"id":55794,"date":"2025-09-18T22:34:57","date_gmt":"2025-09-18T19:34:57","guid":{"rendered":"https:\/\/www.egemtv.com\/?p=55794"},"modified":"2025-09-18T22:34:57","modified_gmt":"2025-09-18T19:34:57","slug":"izmirde-mobilya-fabrikasinda-korkutan-yangin","status":"publish","type":"post","link":"https:\/\/www.egemtv.com\/?p=55794","title":{"rendered":"\u0130zmir\u2019de mobilya fabrikas\u0131nda korkutan yang\u0131n"},"content":{"rendered":"<p>\u0130zmir\u2019in Gaziemir il\u00e7esinde bir mobilya fabrikas\u0131nda \u00e7\u0131kan yang\u0131n pani\u011fe neden oldu. Ah\u015fap ve yan\u0131c\u0131 maddelerin tutu\u015fmas\u0131yla k\u0131sa s\u00fcrede b\u00fcy\u00fcyen alevlere itfaiye ekipleri m\u00fcdahale ediyor.<br \/>\n<br \/>Yang\u0131n, saat 20.00 s\u0131ralar\u0131nda Fatih Mahallesi \u00c7aml\u0131k Caddesi\u2019nde faaliyette bulunan bir mobilya fabrikas\u0131nda meydana geldi. Fabrikadan y\u00fckselen duman ve alevleri g\u00f6ren vatanda\u015flar\u0131n ihbar\u0131 \u00fczerine b\u00f6lgeye \u00e7ok say\u0131da itfaiye, polis ve sa\u011fl\u0131k ekibi sevk edildi. Alevlerin h\u0131zla yay\u0131lmas\u0131 \u00fczerine itfaiye ekipleri yo\u011fun \u00e7aba harcarken, polis ekipleri \u00e7evre g\u00fcvenli\u011fini sa\u011flad\u0131.<br \/>\n<br \/>Ekiplerin yang\u0131n\u0131 kontrol alt\u0131na alma \u00e7al\u0131\u015fmalar\u0131 s\u00fcr\u00fcyor.<br \/><\/p>\n","protected":false},"excerpt":{"rendered":"<p>\u0130zmir\u2019in Gaziemir il\u00e7esinde bir mobilya fabrikas\u0131nda \u00e7\u0131kan yang\u0131n pani\u011fe neden oldu. Ah\u015fap ve yan\u0131c\u0131 maddelerin tutu\u015fmas\u0131yla k\u0131sa s\u00fcrede b\u00fcy\u00fcyen alevlere itfaiye ekipleri m\u00fcdahale ediyor. Yang\u0131n, saat 20.00 s\u0131ralar\u0131nda Fatih Mahallesi \u00c7aml\u0131k Caddesi\u2019nde faaliyette bulunan bir mobilya fabrikas\u0131nda meydana geldi. Fabrikadan y\u00fckselen duman ve alevleri g\u00f6ren vatanda\u015flar\u0131n ihbar\u0131 \u00fczerine b\u00f6lgeye \u00e7ok say\u0131da itfaiye, polis ve sa\u011fl\u0131k&#8230;<\/p>\n","protected":false},"author":1,"featured_media":55795,"comment_status":"open","ping_status":"open","sticky":false,"template":"","format":"standard","meta":{"_crdt_document":"","footnotes":""},"categories":[5],"tags":[],"class_list":["post-55794","post","type-post","status-publish","format-standard","has-post-thumbnail","hentry","category-asayis"],"_links":{"self":[{"href":"https:\/\/www.egemtv.com\/index.php?rest_route=\/wp\/v2\/posts\/55794","targetHints":{"allow":["GET"]}}],"collection":[{"href":"https:\/\/www.egemtv.com\/index.php?rest_route=\/wp\/v2\/posts"}],"about":[{"href":"https:\/\/www.egemtv.com\/index.php?rest_route=\/wp\/v2\/types\/post"}],"author":[{"embeddable":true,"href":"https:\/\/www.egemtv.com\/index.php?rest_route=\/wp\/v2\/users\/1"}],"replies":[{"embeddable":true,"href":"https:\/\/www.egemtv.com\/index.php?rest_route=%2Fwp%2Fv2%2Fcomments&post=55794"}],"version-history":[{"count":1,"href":"https:\/\/www.egemtv.com\/index.php?rest_route=\/wp\/v2\/posts\/55794\/revisions"}],"predecessor-version":[{"id":55796,"href":"https:\/\/www.egemtv.com\/index.php?rest_route=\/wp\/v2\/posts\/55794\/revisions\/55796"}],"wp:featuredmedia":[{"embeddable":true,"href":"https:\/\/www.egemtv.com\/index.php?rest_route=\/wp\/v2\/media\/55795"}],"wp:attachment":[{"href":"https:\/\/www.egemtv.com\/index.php?rest_route=%2Fwp%2Fv2%2Fmedia&parent=55794"}],"wp:term":[{"taxonomy":"category","embeddable":true,"href":"https:\/\/www.egemtv.com\/index.php?rest_route=%2Fwp%2Fv2%2Fcategories&post=55794"},{"taxonomy":"post_tag","embeddable":true,"href":"https:\/\/www.egemtv.com\/index.php?rest_route=%2Fwp%2Fv2%2Ftags&post=55794"}],"curies":[{"name":"wp","href":"https:\/\/api.w.org\/{rel}","templated":true}]}}