{"id":55791,"date":"2025-09-18T22:34:56","date_gmt":"2025-09-18T19:34:56","guid":{"rendered":"https:\/\/www.egemtv.com\/?p=55791"},"modified":"2025-09-18T22:34:57","modified_gmt":"2025-09-18T19:34:57","slug":"torunu-ve-oglu-ile-cadirda-yasam-mucadelesi-veriyor","status":"publish","type":"post","link":"https:\/\/www.egemtv.com\/?p=55791","title":{"rendered":"Torunu ve o\u011flu ile \u00e7ad\u0131rda ya\u015fam m\u00fccadelesi veriyor"},"content":{"rendered":"<p>Ayd\u0131n\u2019\u0131n Efeler il\u00e7esinde atadan kalan ve viraneye d\u00f6nen evin bah\u00e7esinde o\u011flu ve torunuyla birlikte \u00e7ad\u0131rda ya\u015fayan 62 ya\u015f\u0131ndaki Selma Sar\u0131kaya, &#8220;Kimseden maddi beklentim yok, bir \u00e7at\u0131m olsun yeter&#8221; dedi.<br \/>\n<br \/>62 ya\u015f\u0131ndaki Selma Sar\u0131kaya, o\u011flu ve torunu ile birlikte Kemer Mahallesi\u2019nde atadan kalan ve viraneye d\u00f6nen evin bah\u00e7esine kurduklar\u0131 \u00e7ad\u0131rda ya\u015fam m\u00fccadelesi veriyor. Haziran ay\u0131ndan bu yana \u00e7ad\u0131rda kalan Sar\u0131kaya, yaz aylar\u0131nda duruma katlanabildiklerini ancak yakla\u015fan k\u0131\u015fla birlikte kara kara d\u00fc\u015f\u00fcnd\u00fcklerini belirtti. \u00c7at\u0131s\u0131 \u00e7\u00f6ken, kap\u0131s\u0131 ve penceresi olmayan evin oturulacak durumda olmad\u0131\u011f\u0131n\u0131 dile getiren Selma teyze, &#8220;Kimseden para pul istemiyorum, tek istedi\u011fim ba\u015f\u0131m\u0131z\u0131 sokabilece\u011fimiz bir \u00e7at\u0131n\u0131n yap\u0131lmas\u0131&#8221; diyerek yetkililerden ve hay\u0131rseverlerden yard\u0131m istedi.<br \/>\n<br \/>Daha \u00f6nce kirada oturan Selma Sar\u0131kaya, ev sahibi kiraya zam yap\u0131nca mecburen atadan kalan eve d\u00f6nmek zorunda kald\u0131. Sar\u0131kaya, ev ya\u015fanamayacak halde oldu\u011fu i\u00e7in k\u00fc\u00e7\u00fck bah\u00e7eye kurduklar\u0131 \u00e7ad\u0131rda o\u011flu ve torunuyla 4 ayd\u0131r ya\u015fam\u0131n\u0131 s\u00fcrd\u00fcr\u00fcyor. Elektri\u011fi bulunmayan evde tuvalet de olmad\u0131\u011f\u0131 i\u00e7in aile, ihtiya\u00e7lar\u0131n\u0131 yak\u0131ndaki bir benzinlikten kar\u015f\u0131lamak zorunda kal\u0131yor. \u00d6n\u00fcm\u00fczdeki k\u0131\u015f mevsiminde b\u00fcy\u00fck zorluklar ya\u015fayaca\u011f\u0131n\u0131 s\u00f6yleyen Sar\u0131kaya, tek hayalinin evinin onar\u0131lmas\u0131 oldu\u011funu dile getirdi. O\u011flunun ge\u00e7irdi\u011fi trafik kazas\u0131 sonras\u0131nda \u00e7al\u0131\u015famayacak duruma geldi\u011fini belirten Sar\u0131kaya, sadece emekli maa\u015f\u0131 ile ge\u00e7inmeye \u00e7al\u0131\u015ft\u0131klar\u0131 i\u00e7in evi tadilat yapt\u0131racak durumlar\u0131n\u0131n olmad\u0131\u011f\u0131n\u0131 s\u00f6yledi. Sar\u0131kaya, \u00e7\u00f6ken \u00e7at\u0131y\u0131 o\u011flunun kendi imkanlar\u0131 ile kapatmaya \u00e7al\u0131\u015ft\u0131\u011f\u0131n\u0131 ancak evin ya\u015fanabilir bir durumda olmad\u0131\u011f\u0131n\u0131 ifade etti. Muhtarl\u0131k ve kaymakaml\u0131k \u00fczerinden yard\u0131m ba\u015fvurusu yapt\u0131\u011f\u0131n\u0131 ancak emekli maa\u015f\u0131 g\u00f6r\u00fcnd\u00fc\u011f\u00fc i\u00e7in yard\u0131m yap\u0131lamayaca\u011f\u0131n\u0131 s\u00f6ylediklerini ifade eden Selma teyze, sadece Ayd\u0131n B\u00fcy\u00fck\u015fehir Belediyesi \u00fczerinden g\u0131da kolisi deste\u011fi ald\u0131\u011f\u0131n\u0131 belirtti.<\/p>\n<p>&#8220;Bir emekli maa\u015f\u0131 ile bunlar\u0131 kar\u015f\u0131layabilmem m\u00fcmk\u00fcn de\u011fil&#8221;<br \/>\n<br \/>K\u0131\u015f aylar\u0131n\u0131n yakla\u015fmas\u0131yla so\u011fuklara birlikte ne yapacaklar\u0131n\u0131 d\u00fc\u015f\u00fcnmeye ba\u015flad\u0131klar\u0131n\u0131 s\u00f6yleyen Sar\u0131kaya, &#8220;Kirada oturuyordum, ev sahibim kiray\u0131 \u00e7ok y\u00fckseltti\u011fi i\u00e7in evden \u00e7\u0131kmak zorunda kald\u0131k. Babadan kalma eski bir evimiz vard\u0131 oraya geldik. Burada \u00e7ad\u0131rda ya\u015f\u0131yoruz. Evimizin \u00e7at\u0131s\u0131 \u00e7\u00f6km\u00fc\u015ft\u00fc. O\u011flum elinden geldi\u011fi kadar yapmaya \u00e7al\u0131\u015ft\u0131 ama a\u00e7\u0131kta kalan yerler oldu. \u015eimdilik hava s\u0131cak. Tamam yaz g\u00fcn\u00fcndeyiz ama yar\u0131n k\u0131\u015f gelecek. Ge\u00e7en g\u00fcn ya\u011fmur ya\u011facak gibi oldu \u00f6d\u00fcm\u00fcz koptu, \u0131slanaca\u011f\u0131z diye. \u00c7ad\u0131r\u0131m\u0131z da delindi, y\u0131rt\u0131ld\u0131, g\u00fcne\u015fin etkisiyle. Ev oturulacak gibi de\u011fil. \u00d6n\u00fcm\u00fcz k\u0131\u015f. Kara kara d\u00fc\u015f\u00fcn\u00fcyoruz nas\u0131l yapaca\u011f\u0131z diye.<\/p>\n<p>&#8220;Tuvalet ihtiyac\u0131m\u0131z i\u00e7in benzinli\u011fe gidiyoruz&#8221;<br \/>\n<br \/>Bulunduklar\u0131 alanda tuvalet ihtiya\u00e7lar\u0131n\u0131 kar\u015f\u0131layamad\u0131klar\u0131n\u0131 da ifade eden Sar\u0131kaya, &#8220;O\u011flumla, torunumla ya\u015f\u0131yorum burada. \u00c7ocu\u011fumuz okula gidiyor, elektri\u011fimiz yok. Bir tuvaletimiz bile yok. Tuvalet ihtiyac\u0131m\u0131z i\u00e7in benzinli\u011fe gidiyoruz. En yak\u0131n yer oras\u0131. Evimiz bu durumda. Bu evde ya\u015famaya \u00e7al\u0131\u015f\u0131yoruz. Nas\u0131l ya\u015fan\u0131r bilmiyoruz da. Ev oturulacak durumda de\u011fil, ne s\u0131vas\u0131 ne boyas\u0131 ne \u00e7at\u0131s\u0131 var. K\u0131\u015f gelmeden yap\u0131lmas\u0131n\u0131 istiyorum ama nas\u0131l yapaca\u011f\u0131z bilmiyorum. Ben kimseden para yard\u0131m\u0131 istemiyorum. Sadece evimin \u00e7at\u0131s\u0131n\u0131n yap\u0131lmas\u0131n\u0131 ve oturulacak duruma getirilmesini istiyorum. Kap\u0131, pencerem yok. Mutfa\u011f\u0131m hi\u00e7 yok zaten. Dolaplar\u0131 filan yok. Bir emekli maa\u015f\u0131 ile bunlar\u0131 kar\u015f\u0131layabilmem m\u00fcmk\u00fcn de\u011fil zaten. Destek i\u00e7in valili\u011fe gittim, her yere ba\u015fvurdum ama \u015fu ana kadar hi\u00e7bir ses \u00e7\u0131kmad\u0131. Emekli maa\u015f\u0131m oldu\u011fu i\u00e7in yard\u0131m edemeyeceklerini s\u00f6ylediler. Ama 16 bin TL ile ne kadar ge\u00e7inebilirim bilmiyorum&#8221; dedi.<\/p>\n<p>&#8220;Maddi destek de\u011fil, evimin yap\u0131lmas\u0131n\u0131 istiyorum&#8221;<br \/>\n<br \/>&#8220;Maddi destek olarak de\u011fil sadece evimin yap\u0131lmas\u0131n\u0131 istiyorum&#8221; diyen Sar\u0131kaya, &#8220;O\u011flum trafik kazas\u0131 ge\u00e7irdi\u011fi i\u00e7in \u015fu anda i\u015fsiz. Ayaklar\u0131n\u0131n \u00fczerinden araba ge\u00e7ti. \u015eu anda mahkemesi s\u00fcr\u00fcyor. Uzun s\u00fcre al\u00e7\u0131da kald\u0131 ayaklar\u0131. \u00c7al\u0131\u015fam\u0131yor yani. K\u0131\u015f\u0131n so\u011fu\u011funda ne yapaca\u011f\u0131z, nas\u0131l ya\u015fayaca\u011f\u0131z kara kara d\u00fc\u015f\u00fcnmeye ba\u015flad\u0131m. \u0130nan\u0131n kimse bu duruma d\u00fc\u015fmesin. Allah kimseyi bu duruma d\u00fc\u015f\u00fcrmesin&#8221; diye konu\u015ftu.<br \/><\/p>\n","protected":false},"excerpt":{"rendered":"<p>Ayd\u0131n\u2019\u0131n Efeler il\u00e7esinde atadan kalan ve viraneye d\u00f6nen evin bah\u00e7esinde o\u011flu ve torunuyla birlikte \u00e7ad\u0131rda ya\u015fayan 62 ya\u015f\u0131ndaki Selma Sar\u0131kaya, &#8220;Kimseden maddi beklentim yok, bir \u00e7at\u0131m olsun yeter&#8221; dedi. 62 ya\u015f\u0131ndaki Selma Sar\u0131kaya, o\u011flu ve torunu ile birlikte Kemer Mahallesi\u2019nde atadan kalan ve viraneye d\u00f6nen evin bah\u00e7esine kurduklar\u0131 \u00e7ad\u0131rda ya\u015fam m\u00fccadelesi veriyor. Haziran ay\u0131ndan bu&#8230;<\/p>\n","protected":false},"author":1,"featured_media":55792,"comment_status":"open","ping_status":"open","sticky":false,"template":"","format":"standard","meta":{"_crdt_document":"","footnotes":""},"categories":[123],"tags":[],"class_list":["post-55791","post","type-post","status-publish","format-standard","has-post-thumbnail","hentry","category-gundem"],"_links":{"self":[{"href":"https:\/\/www.egemtv.com\/index.php?rest_route=\/wp\/v2\/posts\/55791","targetHints":{"allow":["GET"]}}],"collection":[{"href":"https:\/\/www.egemtv.com\/index.php?rest_route=\/wp\/v2\/posts"}],"about":[{"href":"https:\/\/www.egemtv.com\/index.php?rest_route=\/wp\/v2\/types\/post"}],"author":[{"embeddable":true,"href":"https:\/\/www.egemtv.com\/index.php?rest_route=\/wp\/v2\/users\/1"}],"replies":[{"embeddable":true,"href":"https:\/\/www.egemtv.com\/index.php?rest_route=%2Fwp%2Fv2%2Fcomments&post=55791"}],"version-history":[{"count":1,"href":"https:\/\/www.egemtv.com\/index.php?rest_route=\/wp\/v2\/posts\/55791\/revisions"}],"predecessor-version":[{"id":55793,"href":"https:\/\/www.egemtv.com\/index.php?rest_route=\/wp\/v2\/posts\/55791\/revisions\/55793"}],"wp:featuredmedia":[{"embeddable":true,"href":"https:\/\/www.egemtv.com\/index.php?rest_route=\/wp\/v2\/media\/55792"}],"wp:attachment":[{"href":"https:\/\/www.egemtv.com\/index.php?rest_route=%2Fwp%2Fv2%2Fmedia&parent=55791"}],"wp:term":[{"taxonomy":"category","embeddable":true,"href":"https:\/\/www.egemtv.com\/index.php?rest_route=%2Fwp%2Fv2%2Fcategories&post=55791"},{"taxonomy":"post_tag","embeddable":true,"href":"https:\/\/www.egemtv.com\/index.php?rest_route=%2Fwp%2Fv2%2Ftags&post=55791"}],"curies":[{"name":"wp","href":"https:\/\/api.w.org\/{rel}","templated":true}]}}