{"id":55788,"date":"2025-09-18T21:35:05","date_gmt":"2025-09-18T18:35:05","guid":{"rendered":"https:\/\/www.egemtv.com\/?p=55788"},"modified":"2025-09-18T21:35:06","modified_gmt":"2025-09-18T18:35:06","slug":"marmariste-gaziler-gunu-programlari-yemek-daveti-ile-basladi","status":"publish","type":"post","link":"https:\/\/www.egemtv.com\/?p=55788","title":{"rendered":"Marmaris\u2019te Gaziler G\u00fcn\u00fc programlar\u0131 yemek daveti ile ba\u015flad\u0131"},"content":{"rendered":"<p>Gaziler G\u00fcn\u00fc kapsam\u0131nda d\u00fczenlenen etkinlikler yemek daveti ile ba\u015flarken, davete ev sahipli\u011fi yapan Marmaris Kaymakam\u0131 Nurullah Kaya; &#8220;Kap\u0131m\u0131z ve g\u00f6nl\u00fcm\u00fcz sizlere daima a\u00e7\u0131kt\u0131r&#8221; dedi.<\/p>\n<p>Mu\u011fla\u2019n\u0131n Marmaris il\u00e7esinde 19 Eyl\u00fcl Gaziler G\u00fcn\u00fc vesilesiyle yemekli program d\u00fczenlendi. Marmaris Kaymakaml\u0131\u011f\u0131 himayesinde, Marmaris Sosyal Yard\u0131mla\u015fma ve Dayan\u0131\u015fma Vakf\u0131 organizasyonuyla ger\u00e7ekle\u015ftirilen programa, il\u00e7ede ya\u015fayan \u015fehit yak\u0131nlar\u0131 ve gaziler kat\u0131ld\u0131.<\/p>\n<p>Programa ayr\u0131ca Marmaris Kaymakam\u0131 Nurullah Kaya, G\u00fcney Ege Sahil G\u00fcvenlik Grup Komutan\u0131 Yarbay Ak\u0131n Co\u015fkunlar, Ba\u015fsavc\u0131 Fatmag\u00fcl Y\u00f6r\u00fck, Aksaz Deniz \u00dcstKomutanl\u0131\u011f\u0131\u2019ndan Albay Yemliha Ak, Marmaris \u0130l\u00e7e Jandarma Komutan\u0131 Binba\u015f\u0131 Berker Dongul, \u0130l\u00e7e Emniyet M\u00fcd\u00fcr\u00fc Samed Seyhan, \u0130l\u00e7e Sa\u011fl\u0131k M\u00fcd\u00fcr\u00fc Dr. \u0130mran \u0130nce ve Sosyal Yard\u0131mla\u015fma Vakf\u0131 M\u00fcd\u00fcresi Evrim Ko\u00e7lar \u00c7a\u011flayan, Vak\u0131f M\u00fctevelli Heyeti \u00fcyeleri de kat\u0131ld\u0131.<\/p>\n<p>Etkinlikte, \u015fehit olan ve hayat\u0131n\u0131 kaybeden gazilerin ruhlar\u0131na dualar okundu. Muharip Gaziler Derne\u011fi Marmaris Temsilcisi Azmi \u00d6zkan, g\u00fcn\u00fcn anlam ve \u00f6nemine dair bir konu\u015fma yaparak Marmaris Kaymakam\u0131 Nurullah Kaya\u2019ya te\u015fekk\u00fcrlerini iletti.<\/p>\n<p>Kaymakam Kaya ise konu\u015fmas\u0131nda, &#8220;Sayg\u0131de\u011fer Gazilerimiz, Aziz \u015eehitlerimizin Aileleri; bug\u00fcn 19 Eyl\u00fcl Gaziler G\u00fcn\u00fc\u2019n\u00fc kutlamak i\u00e7in bir araday\u0131z. Gazilerimiz ve \u015fehitlerimiz, milletimizin ba\u011f\u0131ms\u0131zl\u0131\u011f\u0131 ve bayra\u011f\u0131m\u0131z\u0131n g\u00f6klerde dalgalanmas\u0131 i\u00e7in fedak\u00e2rca m\u00fccadele etmi\u015f kahramanlar\u0131m\u0131zd\u0131r. Kap\u0131m\u0131z ve g\u00f6nl\u00fcm\u00fcz sizlere daima a\u00e7\u0131kt\u0131r. Hayatta olan gazilerimizin Gaziler G\u00fcn\u00fc\u2019n\u00fc tebrik ediyor, sa\u011fl\u0131k ve huzur diliyorum&#8221; dedi.<br \/><\/p>\n","protected":false},"excerpt":{"rendered":"<p>Gaziler G\u00fcn\u00fc kapsam\u0131nda d\u00fczenlenen etkinlikler yemek daveti ile ba\u015flarken, davete ev sahipli\u011fi yapan Marmaris Kaymakam\u0131 Nurullah Kaya; &#8220;Kap\u0131m\u0131z ve g\u00f6nl\u00fcm\u00fcz sizlere daima a\u00e7\u0131kt\u0131r&#8221; dedi. Mu\u011fla\u2019n\u0131n Marmaris il\u00e7esinde 19 Eyl\u00fcl Gaziler G\u00fcn\u00fc vesilesiyle yemekli program d\u00fczenlendi. Marmaris Kaymakaml\u0131\u011f\u0131 himayesinde, Marmaris Sosyal Yard\u0131mla\u015fma ve Dayan\u0131\u015fma Vakf\u0131 organizasyonuyla ger\u00e7ekle\u015ftirilen programa, il\u00e7ede ya\u015fayan \u015fehit yak\u0131nlar\u0131 ve gaziler kat\u0131ld\u0131. Programa&#8230;<\/p>\n","protected":false},"author":1,"featured_media":55789,"comment_status":"open","ping_status":"open","sticky":false,"template":"","format":"standard","meta":{"_crdt_document":"","footnotes":""},"categories":[1],"tags":[],"class_list":["post-55788","post","type-post","status-publish","format-standard","has-post-thumbnail","hentry","category-guncel"],"_links":{"self":[{"href":"https:\/\/www.egemtv.com\/index.php?rest_route=\/wp\/v2\/posts\/55788","targetHints":{"allow":["GET"]}}],"collection":[{"href":"https:\/\/www.egemtv.com\/index.php?rest_route=\/wp\/v2\/posts"}],"about":[{"href":"https:\/\/www.egemtv.com\/index.php?rest_route=\/wp\/v2\/types\/post"}],"author":[{"embeddable":true,"href":"https:\/\/www.egemtv.com\/index.php?rest_route=\/wp\/v2\/users\/1"}],"replies":[{"embeddable":true,"href":"https:\/\/www.egemtv.com\/index.php?rest_route=%2Fwp%2Fv2%2Fcomments&post=55788"}],"version-history":[{"count":1,"href":"https:\/\/www.egemtv.com\/index.php?rest_route=\/wp\/v2\/posts\/55788\/revisions"}],"predecessor-version":[{"id":55790,"href":"https:\/\/www.egemtv.com\/index.php?rest_route=\/wp\/v2\/posts\/55788\/revisions\/55790"}],"wp:featuredmedia":[{"embeddable":true,"href":"https:\/\/www.egemtv.com\/index.php?rest_route=\/wp\/v2\/media\/55789"}],"wp:attachment":[{"href":"https:\/\/www.egemtv.com\/index.php?rest_route=%2Fwp%2Fv2%2Fmedia&parent=55788"}],"wp:term":[{"taxonomy":"category","embeddable":true,"href":"https:\/\/www.egemtv.com\/index.php?rest_route=%2Fwp%2Fv2%2Fcategories&post=55788"},{"taxonomy":"post_tag","embeddable":true,"href":"https:\/\/www.egemtv.com\/index.php?rest_route=%2Fwp%2Fv2%2Ftags&post=55788"}],"curies":[{"name":"wp","href":"https:\/\/api.w.org\/{rel}","templated":true}]}}