{"id":55785,"date":"2025-09-18T19:15:05","date_gmt":"2025-09-18T16:15:05","guid":{"rendered":"https:\/\/www.egemtv.com\/?p=55785"},"modified":"2025-09-18T19:15:06","modified_gmt":"2025-09-18T16:15:06","slug":"gocuk-altinda-kalan-ciftcilerin-cansiz-bedenlerine-ulasildi","status":"publish","type":"post","link":"https:\/\/www.egemtv.com\/?p=55785","title":{"rendered":"G\u00f6\u00e7\u00fck alt\u0131nda kalan \u00e7ift\u00e7ilerin cans\u0131z bedenlerine ula\u015f\u0131ld\u0131"},"content":{"rendered":"<p>Manisa\u2019n\u0131n Akhisar il\u00e7esinde su kuyusu a\u00e7mak isterken meydana gelen toprak kaymas\u0131 sonucu g\u00f6\u00e7\u00fck alt\u0131nda kalan iki \u00e7iftinin hayat\u0131n\u0131 kaybetti\u011fi belirlendi. Yakla\u015f\u0131k 5 saatlik \u00e7al\u0131\u015fman\u0131n ard\u0131ndan \u00e7ift\u00e7ilerin cans\u0131z bedenlerine ula\u015f\u0131l\u0131rken, cenazelerin toprak alt\u0131ndan \u00e7\u0131kar\u0131lmas\u0131 i\u00e7in \u00e7al\u0131\u015fmalar devam ediyor.<br \/>\n<br \/>Olay, Akhisar il\u00e7esine ba\u011fl\u0131 \u0130saca Mahallesi S\u0131dan Yaylas\u0131 mevkiinde meydana geldi. Edinilen bilgiye g\u00f6re Erdal Okatan (44) ve Ercan Okatan (46), tar\u0131m arazilerinde biriktirme havuzu a\u00e7ma \u00e7al\u0131\u015fmas\u0131 s\u0131ras\u0131nda toprak kaymas\u0131 sonucu g\u00f6\u00e7\u00fck alt\u0131nda kald\u0131. \u0130hbar \u00fczerine b\u00f6lgeye Manisa B\u00fcy\u00fck\u015fehir Belediyesi \u0130tfaiye Dairesi Ba\u015fkanl\u0131\u011f\u0131, AFAD ve jandarma ekipleri sevk edildi. Yo\u011fun \u00e7aba sarf eden ekipler, amca \u00e7ocuklar\u0131 oldu\u011fu belirlenen iki \u00e7ift\u00e7inin yakla\u015f\u0131k 5 saatlik \u00e7al\u0131\u015fman\u0131n ard\u0131ndan cans\u0131z bedenine ula\u015ft\u0131. Ekipler hayat\u0131n\u0131 kaybeden Erdal Okatan ve Ercan Okatan\u2019\u0131n cenazelerinin toprak alt\u0131ndan \u00e7\u0131kar\u0131lmas\u0131 i\u00e7in \u00e7al\u0131\u015fmalar\u0131n\u0131 s\u00fcrd\u00fcr\u00fcyor.<br \/><\/p>\n","protected":false},"excerpt":{"rendered":"<p>Manisa\u2019n\u0131n Akhisar il\u00e7esinde su kuyusu a\u00e7mak isterken meydana gelen toprak kaymas\u0131 sonucu g\u00f6\u00e7\u00fck alt\u0131nda kalan iki \u00e7iftinin hayat\u0131n\u0131 kaybetti\u011fi belirlendi. Yakla\u015f\u0131k 5 saatlik \u00e7al\u0131\u015fman\u0131n ard\u0131ndan \u00e7ift\u00e7ilerin cans\u0131z bedenlerine ula\u015f\u0131l\u0131rken, cenazelerin toprak alt\u0131ndan \u00e7\u0131kar\u0131lmas\u0131 i\u00e7in \u00e7al\u0131\u015fmalar devam ediyor. Olay, Akhisar il\u00e7esine ba\u011fl\u0131 \u0130saca Mahallesi S\u0131dan Yaylas\u0131 mevkiinde meydana geldi. Edinilen bilgiye g\u00f6re Erdal Okatan (44) ve&#8230;<\/p>\n","protected":false},"author":1,"featured_media":55786,"comment_status":"open","ping_status":"open","sticky":false,"template":"","format":"standard","meta":{"_crdt_document":"","footnotes":""},"categories":[5],"tags":[],"class_list":["post-55785","post","type-post","status-publish","format-standard","has-post-thumbnail","hentry","category-asayis"],"_links":{"self":[{"href":"https:\/\/www.egemtv.com\/index.php?rest_route=\/wp\/v2\/posts\/55785","targetHints":{"allow":["GET"]}}],"collection":[{"href":"https:\/\/www.egemtv.com\/index.php?rest_route=\/wp\/v2\/posts"}],"about":[{"href":"https:\/\/www.egemtv.com\/index.php?rest_route=\/wp\/v2\/types\/post"}],"author":[{"embeddable":true,"href":"https:\/\/www.egemtv.com\/index.php?rest_route=\/wp\/v2\/users\/1"}],"replies":[{"embeddable":true,"href":"https:\/\/www.egemtv.com\/index.php?rest_route=%2Fwp%2Fv2%2Fcomments&post=55785"}],"version-history":[{"count":1,"href":"https:\/\/www.egemtv.com\/index.php?rest_route=\/wp\/v2\/posts\/55785\/revisions"}],"predecessor-version":[{"id":55787,"href":"https:\/\/www.egemtv.com\/index.php?rest_route=\/wp\/v2\/posts\/55785\/revisions\/55787"}],"wp:featuredmedia":[{"embeddable":true,"href":"https:\/\/www.egemtv.com\/index.php?rest_route=\/wp\/v2\/media\/55786"}],"wp:attachment":[{"href":"https:\/\/www.egemtv.com\/index.php?rest_route=%2Fwp%2Fv2%2Fmedia&parent=55785"}],"wp:term":[{"taxonomy":"category","embeddable":true,"href":"https:\/\/www.egemtv.com\/index.php?rest_route=%2Fwp%2Fv2%2Fcategories&post=55785"},{"taxonomy":"post_tag","embeddable":true,"href":"https:\/\/www.egemtv.com\/index.php?rest_route=%2Fwp%2Fv2%2Ftags&post=55785"}],"curies":[{"name":"wp","href":"https:\/\/api.w.org\/{rel}","templated":true}]}}