{"id":55782,"date":"2025-09-18T19:15:03","date_gmt":"2025-09-18T16:15:03","guid":{"rendered":"https:\/\/www.egemtv.com\/?p=55782"},"modified":"2025-09-18T19:15:05","modified_gmt":"2025-09-18T16:15:05","slug":"marmariste-gun-dogumu-ve-batiminin-yeni-adresi-belli-oldu","status":"publish","type":"post","link":"https:\/\/www.egemtv.com\/?p=55782","title":{"rendered":"Marmaris\u2019te g\u00fcn do\u011fumu ve bat\u0131m\u0131n\u0131n yeni adresi belli oldu"},"content":{"rendered":"<p>Marmaris\u2019in turistik mahallelerinden S\u00f6\u011f\u00fct ile Ta\u015fl\u0131ca aras\u0131nda Orman \u0130\u015fletme M\u00fcd\u00fcrl\u00fc\u011f\u00fc taraf\u0131ndan Seyir Teras\u0131 kuruldu.<br \/>\n<br \/>Zirve Seyir teras\u0131 olarak adland\u0131r\u0131lan yer bir\u00e7ok ziyaret\u00e7inin u\u011frak noktas\u0131 oldu. E\u015fsiz manzaran\u0131n hakim oldu\u011fu seyir teras\u0131nda gruplar halinde gelerek yoga yapanlar ve hat\u0131ra foto\u011fraf\u0131 \u00e7ektirenler de dikkat \u00e7ekti. Muhte\u015fem g\u00fcn do\u011fumu ve g\u00fcn bat\u0131m\u0131 manzaralar\u0131n\u0131n izlenebildi\u011fi, adalar\u0131n da g\u00f6r\u00fclebildi\u011fi bu noktan\u0131n muhtarlar\u0131n talebi do\u011frultusunda Marmaris Orman \u0130\u015fletme M\u00fcd\u00fcrl\u00fc\u011f\u00fc taraf\u0131ndan hayata ge\u00e7irildi\u011fi \u00f6\u011frenildi. Ziyarete gelen vatanda\u015flar Seyir Teras\u0131\u2019nda bol bol hat\u0131ra foto\u011fraf\u0131 \u00e7ektirerek memnuniyetlerini dile getirdi.<br \/><\/p>\n","protected":false},"excerpt":{"rendered":"<p>Marmaris\u2019in turistik mahallelerinden S\u00f6\u011f\u00fct ile Ta\u015fl\u0131ca aras\u0131nda Orman \u0130\u015fletme M\u00fcd\u00fcrl\u00fc\u011f\u00fc taraf\u0131ndan Seyir Teras\u0131 kuruldu. Zirve Seyir teras\u0131 olarak adland\u0131r\u0131lan yer bir\u00e7ok ziyaret\u00e7inin u\u011frak noktas\u0131 oldu. E\u015fsiz manzaran\u0131n hakim oldu\u011fu seyir teras\u0131nda gruplar halinde gelerek yoga yapanlar ve hat\u0131ra foto\u011fraf\u0131 \u00e7ektirenler de dikkat \u00e7ekti. Muhte\u015fem g\u00fcn do\u011fumu ve g\u00fcn bat\u0131m\u0131 manzaralar\u0131n\u0131n izlenebildi\u011fi, adalar\u0131n da g\u00f6r\u00fclebildi\u011fi bu&#8230;<\/p>\n","protected":false},"author":1,"featured_media":55783,"comment_status":"open","ping_status":"open","sticky":false,"template":"","format":"standard","meta":{"_crdt_document":"","footnotes":""},"categories":[1],"tags":[],"class_list":["post-55782","post","type-post","status-publish","format-standard","has-post-thumbnail","hentry","category-guncel"],"_links":{"self":[{"href":"https:\/\/www.egemtv.com\/index.php?rest_route=\/wp\/v2\/posts\/55782","targetHints":{"allow":["GET"]}}],"collection":[{"href":"https:\/\/www.egemtv.com\/index.php?rest_route=\/wp\/v2\/posts"}],"about":[{"href":"https:\/\/www.egemtv.com\/index.php?rest_route=\/wp\/v2\/types\/post"}],"author":[{"embeddable":true,"href":"https:\/\/www.egemtv.com\/index.php?rest_route=\/wp\/v2\/users\/1"}],"replies":[{"embeddable":true,"href":"https:\/\/www.egemtv.com\/index.php?rest_route=%2Fwp%2Fv2%2Fcomments&post=55782"}],"version-history":[{"count":1,"href":"https:\/\/www.egemtv.com\/index.php?rest_route=\/wp\/v2\/posts\/55782\/revisions"}],"predecessor-version":[{"id":55784,"href":"https:\/\/www.egemtv.com\/index.php?rest_route=\/wp\/v2\/posts\/55782\/revisions\/55784"}],"wp:featuredmedia":[{"embeddable":true,"href":"https:\/\/www.egemtv.com\/index.php?rest_route=\/wp\/v2\/media\/55783"}],"wp:attachment":[{"href":"https:\/\/www.egemtv.com\/index.php?rest_route=%2Fwp%2Fv2%2Fmedia&parent=55782"}],"wp:term":[{"taxonomy":"category","embeddable":true,"href":"https:\/\/www.egemtv.com\/index.php?rest_route=%2Fwp%2Fv2%2Fcategories&post=55782"},{"taxonomy":"post_tag","embeddable":true,"href":"https:\/\/www.egemtv.com\/index.php?rest_route=%2Fwp%2Fv2%2Ftags&post=55782"}],"curies":[{"name":"wp","href":"https:\/\/api.w.org\/{rel}","templated":true}]}}