{"id":55779,"date":"2025-09-18T19:15:02","date_gmt":"2025-09-18T16:15:02","guid":{"rendered":"https:\/\/www.egemtv.com\/?p=55779"},"modified":"2025-09-18T19:15:03","modified_gmt":"2025-09-18T16:15:03","slug":"sokede-trafik-kazasi-2-yarali","status":"publish","type":"post","link":"https:\/\/www.egemtv.com\/?p=55779","title":{"rendered":"S\u00f6ke\u2019de trafik kazas\u0131: 2 yaral\u0131"},"content":{"rendered":"<p>Ayd\u0131n\u2019\u0131n S\u00f6ke il\u00e7esinde meydana gelen trafik kazas\u0131nda iki ki\u015fi yaraland\u0131.<\/p>\n<p>S\u00f6ke-Ku\u015fadas\u0131 Karayolu Granta Mezarl\u0131\u011f\u0131 Caferli Kav\u015fa\u011f\u0131\u2019nda meydana gelen kazada, 09 DZ 390 plakal\u0131 otomobil s\u00fcr\u00fcc\u00fcs\u00fcn\u00fcn direksiyon hakimiyetini kaybetmesi sonucu kontrolden \u00e7\u0131karak takla att\u0131. Kazay\u0131 g\u00f6renlerin ihbar\u0131 \u00fczerine olay yerine sa\u011fl\u0131k ve jandarma ekipleri sevk edildi. Ara\u00e7ta bulunan 2 ki\u015fi yaralan\u0131rken, yaral\u0131lar sa\u011fl\u0131k ekiplerinin ilk m\u00fcdahalesinin ard\u0131ndan hastaneye kald\u0131r\u0131ld\u0131. S\u00fcr\u00fcc\u00fcn\u00fcn sa\u011fl\u0131k durumunun iyi oldu\u011fu, hayati tehlikesinin bulunmad\u0131\u011f\u0131 \u00f6\u011frenildi.<\/p>\n<p>Kazayla ilgili inceleme ba\u015flat\u0131ld\u0131.<br \/><\/p>\n","protected":false},"excerpt":{"rendered":"<p>Ayd\u0131n\u2019\u0131n S\u00f6ke il\u00e7esinde meydana gelen trafik kazas\u0131nda iki ki\u015fi yaraland\u0131. S\u00f6ke-Ku\u015fadas\u0131 Karayolu Granta Mezarl\u0131\u011f\u0131 Caferli Kav\u015fa\u011f\u0131\u2019nda meydana gelen kazada, 09 DZ 390 plakal\u0131 otomobil s\u00fcr\u00fcc\u00fcs\u00fcn\u00fcn direksiyon hakimiyetini kaybetmesi sonucu kontrolden \u00e7\u0131karak takla att\u0131. Kazay\u0131 g\u00f6renlerin ihbar\u0131 \u00fczerine olay yerine sa\u011fl\u0131k ve jandarma ekipleri sevk edildi. Ara\u00e7ta bulunan 2 ki\u015fi yaralan\u0131rken, yaral\u0131lar sa\u011fl\u0131k ekiplerinin ilk m\u00fcdahalesinin&#8230;<\/p>\n","protected":false},"author":1,"featured_media":55780,"comment_status":"open","ping_status":"open","sticky":false,"template":"","format":"standard","meta":{"_crdt_document":"","footnotes":""},"categories":[5],"tags":[],"class_list":["post-55779","post","type-post","status-publish","format-standard","has-post-thumbnail","hentry","category-asayis"],"_links":{"self":[{"href":"https:\/\/www.egemtv.com\/index.php?rest_route=\/wp\/v2\/posts\/55779","targetHints":{"allow":["GET"]}}],"collection":[{"href":"https:\/\/www.egemtv.com\/index.php?rest_route=\/wp\/v2\/posts"}],"about":[{"href":"https:\/\/www.egemtv.com\/index.php?rest_route=\/wp\/v2\/types\/post"}],"author":[{"embeddable":true,"href":"https:\/\/www.egemtv.com\/index.php?rest_route=\/wp\/v2\/users\/1"}],"replies":[{"embeddable":true,"href":"https:\/\/www.egemtv.com\/index.php?rest_route=%2Fwp%2Fv2%2Fcomments&post=55779"}],"version-history":[{"count":1,"href":"https:\/\/www.egemtv.com\/index.php?rest_route=\/wp\/v2\/posts\/55779\/revisions"}],"predecessor-version":[{"id":55781,"href":"https:\/\/www.egemtv.com\/index.php?rest_route=\/wp\/v2\/posts\/55779\/revisions\/55781"}],"wp:featuredmedia":[{"embeddable":true,"href":"https:\/\/www.egemtv.com\/index.php?rest_route=\/wp\/v2\/media\/55780"}],"wp:attachment":[{"href":"https:\/\/www.egemtv.com\/index.php?rest_route=%2Fwp%2Fv2%2Fmedia&parent=55779"}],"wp:term":[{"taxonomy":"category","embeddable":true,"href":"https:\/\/www.egemtv.com\/index.php?rest_route=%2Fwp%2Fv2%2Fcategories&post=55779"},{"taxonomy":"post_tag","embeddable":true,"href":"https:\/\/www.egemtv.com\/index.php?rest_route=%2Fwp%2Fv2%2Ftags&post=55779"}],"curies":[{"name":"wp","href":"https:\/\/api.w.org\/{rel}","templated":true}]}}