{"id":55776,"date":"2025-09-18T18:55:48","date_gmt":"2025-09-18T15:55:48","guid":{"rendered":"https:\/\/www.egemtv.com\/?p=55776"},"modified":"2025-09-18T18:55:49","modified_gmt":"2025-09-18T15:55:49","slug":"besiktas-kafilesi-izmire-geldi","status":"publish","type":"post","link":"https:\/\/www.egemtv.com\/?p=55776","title":{"rendered":"Be\u015fikta\u015f kafilesi \u0130zmir\u2019e geldi"},"content":{"rendered":"<p>Be\u015fikta\u015f, Trendyol S\u00fcper Lig\u2019in 6. haftas\u0131nda oynayaca\u011f\u0131 G\u00f6ztepe kar\u015f\u0131la\u015fmas\u0131 i\u00e7in \u0130zmir\u2019e geldi.<br \/>\n<br \/>Be\u015fikta\u015f, Trendyol S\u00fcper Lig\u2019in 6. haftas\u0131nda yar\u0131n saat 20.00\u2019de G\u00f6ztepe\u2019ye konuk olacak. Siyah-beyazl\u0131 kafileyi ta\u015f\u0131yan u\u00e7ak \u0130zmir Adnan Menderes Havaliman\u0131\u2019na ini\u015f yaparken, siyah-beyazl\u0131lar\u0131 bir grup taraftar kar\u015f\u0131lad\u0131. Daha sonra Be\u015fikta\u015f, tak\u0131m otob\u00fcs\u00fcyle konaklayaca\u011f\u0131 otele ge\u00e7erek ma\u00e7 saatini beklemeye ba\u015flad\u0131.<br \/>\n<br \/>\u00d6te yandan siyah-beyazl\u0131 ekipte k\u0131rm\u0131z\u0131 kart cezal\u0131s\u0131 Orkun K\u00f6k\u00e7\u00fc, sakatl\u0131klar\u0131 bulunan Wilfred Ndidi ve Salih U\u00e7an\u2019\u0131n yan\u0131 s\u0131ra Mustafa Hekimo\u011flu, Jonas Svensson ve Milot Rashica \u0130zmir\u2019e getirilmedi.<br \/><\/p>\n","protected":false},"excerpt":{"rendered":"<p>Be\u015fikta\u015f, Trendyol S\u00fcper Lig\u2019in 6. haftas\u0131nda oynayaca\u011f\u0131 G\u00f6ztepe kar\u015f\u0131la\u015fmas\u0131 i\u00e7in \u0130zmir\u2019e geldi. Be\u015fikta\u015f, Trendyol S\u00fcper Lig\u2019in 6. haftas\u0131nda yar\u0131n saat 20.00\u2019de G\u00f6ztepe\u2019ye konuk olacak. Siyah-beyazl\u0131 kafileyi ta\u015f\u0131yan u\u00e7ak \u0130zmir Adnan Menderes Havaliman\u0131\u2019na ini\u015f yaparken, siyah-beyazl\u0131lar\u0131 bir grup taraftar kar\u015f\u0131lad\u0131. Daha sonra Be\u015fikta\u015f, tak\u0131m otob\u00fcs\u00fcyle konaklayaca\u011f\u0131 otele ge\u00e7erek ma\u00e7 saatini beklemeye ba\u015flad\u0131. \u00d6te yandan siyah-beyazl\u0131 ekipte&#8230;<\/p>\n","protected":false},"author":1,"featured_media":55777,"comment_status":"open","ping_status":"open","sticky":false,"template":"","format":"standard","meta":{"_crdt_document":"","footnotes":""},"categories":[4],"tags":[],"class_list":["post-55776","post","type-post","status-publish","format-standard","has-post-thumbnail","hentry","category-spor"],"_links":{"self":[{"href":"https:\/\/www.egemtv.com\/index.php?rest_route=\/wp\/v2\/posts\/55776","targetHints":{"allow":["GET"]}}],"collection":[{"href":"https:\/\/www.egemtv.com\/index.php?rest_route=\/wp\/v2\/posts"}],"about":[{"href":"https:\/\/www.egemtv.com\/index.php?rest_route=\/wp\/v2\/types\/post"}],"author":[{"embeddable":true,"href":"https:\/\/www.egemtv.com\/index.php?rest_route=\/wp\/v2\/users\/1"}],"replies":[{"embeddable":true,"href":"https:\/\/www.egemtv.com\/index.php?rest_route=%2Fwp%2Fv2%2Fcomments&post=55776"}],"version-history":[{"count":1,"href":"https:\/\/www.egemtv.com\/index.php?rest_route=\/wp\/v2\/posts\/55776\/revisions"}],"predecessor-version":[{"id":55778,"href":"https:\/\/www.egemtv.com\/index.php?rest_route=\/wp\/v2\/posts\/55776\/revisions\/55778"}],"wp:featuredmedia":[{"embeddable":true,"href":"https:\/\/www.egemtv.com\/index.php?rest_route=\/wp\/v2\/media\/55777"}],"wp:attachment":[{"href":"https:\/\/www.egemtv.com\/index.php?rest_route=%2Fwp%2Fv2%2Fmedia&parent=55776"}],"wp:term":[{"taxonomy":"category","embeddable":true,"href":"https:\/\/www.egemtv.com\/index.php?rest_route=%2Fwp%2Fv2%2Fcategories&post=55776"},{"taxonomy":"post_tag","embeddable":true,"href":"https:\/\/www.egemtv.com\/index.php?rest_route=%2Fwp%2Fv2%2Ftags&post=55776"}],"curies":[{"name":"wp","href":"https:\/\/api.w.org\/{rel}","templated":true}]}}