{"id":55773,"date":"2025-09-18T18:55:47","date_gmt":"2025-09-18T15:55:47","guid":{"rendered":"https:\/\/www.egemtv.com\/?p=55773"},"modified":"2025-09-18T18:55:48","modified_gmt":"2025-09-18T15:55:48","slug":"vali-akbiyiktan-gaziler-gunu-mesaji","status":"publish","type":"post","link":"https:\/\/www.egemtv.com\/?p=55773","title":{"rendered":"Vali Akb\u0131y\u0131k\u2019tan \u2018Gaziler G\u00fcn\u00fc\u2019 mesaj\u0131"},"content":{"rendered":"<p>Mu\u011fla Valisi Dr. \u0130dris Akb\u0131y\u0131k 19 Eyl\u00fcl Gaziler G\u00fcn\u00fc nedeniyle yay\u0131mlad\u0131\u011f\u0131 mesaj\u0131nda, T\u00fcrkiye B\u00fcy\u00fck Millet Meclisi taraf\u0131ndan 19 Eyl\u00fcl 1921 tarihinde, Mustafa Kemal Atat\u00fcrk\u2019e, \u0130stiklal m\u00fccadelesindeki \u00fcst\u00fcn ba\u015far\u0131lardan dolay\u0131 \u2018Mare\u015fal\u2019 r\u00fctbesi ve \u2018Gazi\u2019 unvan\u0131 verildi\u011fini belirtti.<br \/>\n<br \/>Vali Akb\u0131y\u0131k mesaj\u0131nda, &#8220;Ay y\u0131ld\u0131zl\u0131 bayra\u011f\u0131m\u0131z\u0131n dalgaland\u0131\u011f\u0131, ezanlar\u0131m\u0131z\u0131n yank\u0131land\u0131\u011f\u0131 bu g\u00f6k kubbenin alt\u0131nda,  \u00f6zg\u00fcrce nefes alabiliyorsak,  bunu aziz \u015fehitlerimize ve kahraman gazilerimize bor\u00e7luyuz. B\u00fcy\u00fck T\u00fcrk milleti i\u00e7in \u015fehitlik mertebesinden sonra ula\u015f\u0131labilecek en y\u00fcksek makam, &#8220;Gazilik&#8221;tir. T\u00fcrkiye B\u00fcy\u00fck Millet Meclisi taraf\u0131ndan 19 Eyl\u00fcl 1921 tarihinde, Mustafa Kemal Atat\u00fcrk\u2019e, \u0130stiklal m\u00fccadelesindeki \u00fcst\u00fcn ba\u015far\u0131lardan dolay\u0131 \u2018Mare\u015fal\u2019 r\u00fctbesi ve \u2018Gazi\u2019 unvan\u0131 verilmi\u015ftir. Mustafa Kemal Atat\u00fcrk, &#8220;Sava\u015f meydanlar\u0131nda kazan\u0131lan zaferin en b\u00fcy\u00fck mimarlar\u0131, can\u0131 pahas\u0131na g\u00f6rev yapan askerlerimizdir. Onlardan biri olarak gazi olmak, \u015fereflerin en b\u00fcy\u00fc\u011f\u00fcd\u00fcr.&#8221; s\u00f6zleri bu makam\u0131n b\u00fcy\u00fckl\u00fc\u011f\u00fcn\u00fc en g\u00fczel \u015fekilde ifade etmektedir. Aziz \u015fehitlerimizin ve kahraman gazilerimiz ba\u015f\u0131m\u0131z\u0131n tac\u0131d\u0131r. Onlar, milletimizin kalbinde ve haf\u0131zas\u0131nda ebediyen ya\u015fayacakt\u0131r. Bu duygu ve d\u00fc\u015f\u00fcncelerle Cumhuriyetimizin kurucusu Gazi Mustafa Kemal Atat\u00fcrk ve silah arkada\u015flar\u0131 ba\u015fta olmak \u00fczere, ebediyete irtihal eden aziz \u015fehitlerimizi ve kahraman gazilerimizi rahmet, minnet ve \u015f\u00fckranla an\u0131yor; hayatta olan gazilerimize ve k\u0131ymetli ailelerine sa\u011fl\u0131kl\u0131 ve huzurlu bir \u00f6m\u00fcr diliyorum&#8221; dedi.<br \/><\/p>\n","protected":false},"excerpt":{"rendered":"<p>Mu\u011fla Valisi Dr. \u0130dris Akb\u0131y\u0131k 19 Eyl\u00fcl Gaziler G\u00fcn\u00fc nedeniyle yay\u0131mlad\u0131\u011f\u0131 mesaj\u0131nda, T\u00fcrkiye B\u00fcy\u00fck Millet Meclisi taraf\u0131ndan 19 Eyl\u00fcl 1921 tarihinde, Mustafa Kemal Atat\u00fcrk\u2019e, \u0130stiklal m\u00fccadelesindeki \u00fcst\u00fcn ba\u015far\u0131lardan dolay\u0131 \u2018Mare\u015fal\u2019 r\u00fctbesi ve \u2018Gazi\u2019 unvan\u0131 verildi\u011fini belirtti. Vali Akb\u0131y\u0131k mesaj\u0131nda, &#8220;Ay y\u0131ld\u0131zl\u0131 bayra\u011f\u0131m\u0131z\u0131n dalgaland\u0131\u011f\u0131, ezanlar\u0131m\u0131z\u0131n yank\u0131land\u0131\u011f\u0131 bu g\u00f6k kubbenin alt\u0131nda, \u00f6zg\u00fcrce nefes alabiliyorsak, bunu aziz \u015fehitlerimize&#8230;<\/p>\n","protected":false},"author":1,"featured_media":55774,"comment_status":"open","ping_status":"open","sticky":false,"template":"","format":"standard","meta":{"_crdt_document":"","footnotes":""},"categories":[123],"tags":[],"class_list":["post-55773","post","type-post","status-publish","format-standard","has-post-thumbnail","hentry","category-gundem"],"_links":{"self":[{"href":"https:\/\/www.egemtv.com\/index.php?rest_route=\/wp\/v2\/posts\/55773","targetHints":{"allow":["GET"]}}],"collection":[{"href":"https:\/\/www.egemtv.com\/index.php?rest_route=\/wp\/v2\/posts"}],"about":[{"href":"https:\/\/www.egemtv.com\/index.php?rest_route=\/wp\/v2\/types\/post"}],"author":[{"embeddable":true,"href":"https:\/\/www.egemtv.com\/index.php?rest_route=\/wp\/v2\/users\/1"}],"replies":[{"embeddable":true,"href":"https:\/\/www.egemtv.com\/index.php?rest_route=%2Fwp%2Fv2%2Fcomments&post=55773"}],"version-history":[{"count":1,"href":"https:\/\/www.egemtv.com\/index.php?rest_route=\/wp\/v2\/posts\/55773\/revisions"}],"predecessor-version":[{"id":55775,"href":"https:\/\/www.egemtv.com\/index.php?rest_route=\/wp\/v2\/posts\/55773\/revisions\/55775"}],"wp:featuredmedia":[{"embeddable":true,"href":"https:\/\/www.egemtv.com\/index.php?rest_route=\/wp\/v2\/media\/55774"}],"wp:attachment":[{"href":"https:\/\/www.egemtv.com\/index.php?rest_route=%2Fwp%2Fv2%2Fmedia&parent=55773"}],"wp:term":[{"taxonomy":"category","embeddable":true,"href":"https:\/\/www.egemtv.com\/index.php?rest_route=%2Fwp%2Fv2%2Fcategories&post=55773"},{"taxonomy":"post_tag","embeddable":true,"href":"https:\/\/www.egemtv.com\/index.php?rest_route=%2Fwp%2Fv2%2Ftags&post=55773"}],"curies":[{"name":"wp","href":"https:\/\/api.w.org\/{rel}","templated":true}]}}