{"id":55770,"date":"2025-09-18T18:36:02","date_gmt":"2025-09-18T15:36:02","guid":{"rendered":"https:\/\/www.egemtv.com\/?p=55770"},"modified":"2025-09-18T18:36:03","modified_gmt":"2025-09-18T15:36:03","slug":"vali-ozkan-sehitlerimiz-ve-gazilerimiz-birligimizin-harcidir","status":"publish","type":"post","link":"https:\/\/www.egemtv.com\/?p=55770","title":{"rendered":"Vali \u00d6zkan: &#8220;\u015eehitlerimiz ve gazilerimiz birli\u011fimizin harc\u0131d\u0131r&#8221;"},"content":{"rendered":"<p>Manisa Valisi Vahdettin \u00d6zkan, \u015fehit ve gazilerin g\u00f6sterdi\u011fi kahramanl\u0131klar\u0131n daima haf\u0131za ve g\u00f6n\u00fcllerde olaca\u011f\u0131n\u0131 ifade ederek, &#8220;\u015eehitlerimiz ve gazilerimiz  birli\u011fimizin harc\u0131d\u0131r&#8221; dedi.<br \/>\n<br \/>Vali Vahdettin \u00d6zkan ve e\u015fi Dr. Ruhan \u00d6zkan, Gazi Tahsin Sa\u011f\u0131r ve ailesi ile \u015eehit Timu\u00e7in Alada\u011f\u2019\u0131n babas\u0131 Recep Alada\u011f\u2019\u0131 ziyaret etti. Ziyaret s\u0131ras\u0131nda gazi ve \u015fehit babas\u0131yla sohbet eden Vali \u00d6zkan, \u015fehitlerin ve gazilerin g\u00f6sterdi\u011fi kahramanl\u0131k ve fedakarl\u0131\u011f\u0131n, milletin hem haf\u0131zas\u0131nda hem de g\u00f6nl\u00fcnde daima ya\u015fayaca\u011f\u0131n\u0131 vurgulad\u0131.<br \/>\n<br \/>Vali \u00d6zkan, konu\u015fmas\u0131nda \u015fu ifadelere yer verdi: &#8220;Bu fedakarl\u0131k, bu topraklar\u0131 bize vatan k\u0131lan ruhun kendisidir. \u015eehitlerimiz ve gazilerimiz birli\u011fimizin harc\u0131d\u0131r. Maneviyatlar\u0131na  her daim ihtiyac\u0131m\u0131z vard\u0131r, onlar\u0131n emanetlerine hizmet etmeye kararl\u0131l\u0131kla devam edece\u011fiz&#8221;<br \/><\/p>\n","protected":false},"excerpt":{"rendered":"<p>Manisa Valisi Vahdettin \u00d6zkan, \u015fehit ve gazilerin g\u00f6sterdi\u011fi kahramanl\u0131klar\u0131n daima haf\u0131za ve g\u00f6n\u00fcllerde olaca\u011f\u0131n\u0131 ifade ederek, &#8220;\u015eehitlerimiz ve gazilerimiz birli\u011fimizin harc\u0131d\u0131r&#8221; dedi. Vali Vahdettin \u00d6zkan ve e\u015fi Dr. Ruhan \u00d6zkan, Gazi Tahsin Sa\u011f\u0131r ve ailesi ile \u015eehit Timu\u00e7in Alada\u011f\u2019\u0131n babas\u0131 Recep Alada\u011f\u2019\u0131 ziyaret etti. Ziyaret s\u0131ras\u0131nda gazi ve \u015fehit babas\u0131yla sohbet eden Vali \u00d6zkan, \u015fehitlerin&#8230;<\/p>\n","protected":false},"author":1,"featured_media":55771,"comment_status":"open","ping_status":"open","sticky":false,"template":"","format":"standard","meta":{"_crdt_document":"","footnotes":""},"categories":[123],"tags":[],"class_list":["post-55770","post","type-post","status-publish","format-standard","has-post-thumbnail","hentry","category-gundem"],"_links":{"self":[{"href":"https:\/\/www.egemtv.com\/index.php?rest_route=\/wp\/v2\/posts\/55770","targetHints":{"allow":["GET"]}}],"collection":[{"href":"https:\/\/www.egemtv.com\/index.php?rest_route=\/wp\/v2\/posts"}],"about":[{"href":"https:\/\/www.egemtv.com\/index.php?rest_route=\/wp\/v2\/types\/post"}],"author":[{"embeddable":true,"href":"https:\/\/www.egemtv.com\/index.php?rest_route=\/wp\/v2\/users\/1"}],"replies":[{"embeddable":true,"href":"https:\/\/www.egemtv.com\/index.php?rest_route=%2Fwp%2Fv2%2Fcomments&post=55770"}],"version-history":[{"count":1,"href":"https:\/\/www.egemtv.com\/index.php?rest_route=\/wp\/v2\/posts\/55770\/revisions"}],"predecessor-version":[{"id":55772,"href":"https:\/\/www.egemtv.com\/index.php?rest_route=\/wp\/v2\/posts\/55770\/revisions\/55772"}],"wp:featuredmedia":[{"embeddable":true,"href":"https:\/\/www.egemtv.com\/index.php?rest_route=\/wp\/v2\/media\/55771"}],"wp:attachment":[{"href":"https:\/\/www.egemtv.com\/index.php?rest_route=%2Fwp%2Fv2%2Fmedia&parent=55770"}],"wp:term":[{"taxonomy":"category","embeddable":true,"href":"https:\/\/www.egemtv.com\/index.php?rest_route=%2Fwp%2Fv2%2Fcategories&post=55770"},{"taxonomy":"post_tag","embeddable":true,"href":"https:\/\/www.egemtv.com\/index.php?rest_route=%2Fwp%2Fv2%2Ftags&post=55770"}],"curies":[{"name":"wp","href":"https:\/\/api.w.org\/{rel}","templated":true}]}}