{"id":55767,"date":"2025-09-18T18:36:01","date_gmt":"2025-09-18T15:36:01","guid":{"rendered":"https:\/\/www.egemtv.com\/?p=55767"},"modified":"2025-09-18T18:36:02","modified_gmt":"2025-09-18T15:36:02","slug":"milletvekili-un-tbmmde-sumud-nobeti-baslatti","status":"publish","type":"post","link":"https:\/\/www.egemtv.com\/?p=55767","title":{"rendered":"Milletvekili \u00dcn, TBMM\u2019de Sumud n\u00f6beti ba\u015flatt\u0131"},"content":{"rendered":"<p>DEN\u0130ZL\u0130 (\u0130HA) \u2013 \u0130srail\u2019in Gazze\u2019ye uygulad\u0131\u011f\u0131 ablukay\u0131 k\u0131rmak ve insani yard\u0131mlar\u0131 ula\u015ft\u0131rmak i\u00e7in yola \u00e7\u0131kacak K\u00fcresel Sumud Filosuna destek i\u00e7in TBMM\u2019de n\u00f6bet ba\u015flatan Denizli Milletvekili Sema Silkin \u00dcn, &#8220;\u0130lk g\u00fcndemimiz Gazze\u2019dir. \u00c7\u00fcnk\u00fc Gazze\u2019yi savunmak; \u00f6zg\u00fcrl\u00fc\u011f\u00fc ve insan onurunu savunmakt\u0131r&#8221; dedi.<\/p>\n<p>T\u00fcrkiye B\u00fcy\u00fck Millet Meclisi\u2019ne bas\u0131n toplant\u0131s\u0131 d\u00fczenleyen ba\u015flatan Denizli Milletvekili Sema Silkin \u00dcn, Gazze ablukas\u0131n\u0131 k\u0131rmak ve insani yard\u0131mlar\u0131 ula\u015ft\u0131rmak amac\u0131yla yola \u00e7\u0131kan K\u00fcresel Sumud Filosu i\u00e7in n\u00f6bet ba\u015flatt\u0131\u011f\u0131n\u0131 duyurdu. Tunus \u00fczerinden filoya kat\u0131lmak i\u00e7in yola \u00e7\u0131kan ancak T\u00fcrkiye\u2019ye d\u00f6nmek zorunda kalan sivil toplum kurulu\u015fu temsilcileri de Milletvekili \u00dcn\u2019e ba\u015flatt\u0131\u011f\u0131 n\u00f6bette destek verdi.<\/p>\n<p>T\u00fcm \u00e7abalar\u0131na ra\u011fmen Sumud Filosuna kat\u0131lamad\u0131\u011f\u0131n\u0131 hat\u0131rlatan Milletvekili \u00dcn, &#8220;Bu g\u00fcnden itibaren bizler i\u00e7in Meclisimizde Sumud n\u00f6beti ba\u015flam\u0131\u015ft\u0131r. \u0130lk g\u00fcndemimiz Gazze\u2019dir. \u00c7\u00fcnk\u00fc Gazze\u2019yi savunmak; \u00f6zg\u00fcrl\u00fc\u011f\u00fc ve insan onurunu savunmakt\u0131r. Bizleri her g\u00fcn tekrar tekrar s\u00f6m\u00fcren Siyonist k\u00fcresel kapitalizm a\u011f\u0131na kar\u015f\u0131 durmakt\u0131r. Bug\u00fcn\u00fcm\u00fcz\u00fc yar\u0131n\u0131m\u0131z\u0131 gelece\u011fimizi savunmakt\u0131r. Filistin\u00b4de 77 y\u0131ld\u0131r s\u00fcren zul\u00fcm Gazze\u00b4de 20 y\u0131ld\u0131r ya\u015fanan hukuksuz abluka 2 y\u0131ld\u0131r kesintisiz devam eden katliamlar ve t\u00fcm bunlara son vermesi beklenen k\u00fcresel siyasetin iflas etmesi. Uluslararas\u0131 d\u00fczen Filistinlileri 77 y\u0131ld\u0131r hayal k\u0131r\u0131kl\u0131\u011f\u0131na u\u011frat\u0131yor ve 7 Ekimden bu yana ya\u015fananlar kar\u015f\u0131s\u0131ndaki etkisizlik devlet merkezli uluslararas\u0131 d\u00fczenden; taban\u0131n, toplumun, h\u00fcr iradenin etken oldu\u011fu bir d\u00fczeni ka\u00e7\u0131n\u0131lmaz k\u0131ld\u0131. T\u00fcm sivil giri\u015fimler devletler g\u00f6revini yapmad\u0131\u011f\u0131 i\u00e7in devreye girdi. Bug\u00fcn burada bu tarihin en b\u00fcy\u00fck giri\u015fimlerinden birine \u00d6zg\u00fcrl\u00fck filosuna Sumud\u00b4a kat\u0131lan arkada\u015flar\u0131m\u0131zla buraday\u0131z. 1-15 Eyl\u00fcl tarihleri aras\u0131nda Gazze\u00b4deki hukuksuz ablukay\u0131 k\u0131rmak \u00fczere \u0130spanya, \u0130talya, Yunanistan, d\u0131\u015f\u0131nda hareket \u00fclkelerinden biri olan Tunus\u00b4tayd\u0131k. Bu s\u00fcre boyunca ana konusunu \u015fiddetsizli\u011fin olu\u015fturdu\u011fu e\u011fitimlerden ge\u00e7tik. Tunus\u00b4ta bulunan 150 ye yak\u0131n T\u00fcrkiye Cumhuriyeti vatanda\u015f\u0131 daha \u00f6nce isimleri akredite edilerek oradayd\u0131lar. Son birka\u00e7 g\u00fcn gemi say\u0131lar\u0131nda, sabotajlar ve teknik sorunlar nedeniyle ya\u015fanan eksilme, misyonun Avrupal\u0131 kat\u0131l\u0131mc\u0131lara a\u011f\u0131rl\u0131k verme stratejisi T\u00fcrk vatanda\u015flar\u0131n\u0131n say\u0131lar\u0131nda ciddi azaltmaya gidilmesine sebep oldu. Teknik ekip ve m\u00fcrettebat d\u0131\u015f\u0131nda yakla\u015f\u0131k 10 vatanda\u015f\u0131m\u0131z yer alabildi gemilerde. Gemilerde ise 500 dolay\u0131nda aktivist yer al\u0131yor&#8221; diye konu\u015ftu.<\/p>\n<p>Filoya ait 42 geminin \u0130talya a\u00e7\u0131klar\u0131nda denizde birbirlerine yak\u0131n durumda olduklar\u0131n\u0131 ifade eden \u00dcn, &#8220;5 gemi Yunanistan \u00fczerinden ilave olacak. 1 tane de \u015firin hukuk g\u00f6zlem gemisi filoya e\u015flik ediyor. Bu gemi filonun tamamen uluslararas\u0131 hukuka uygun \u015fekilde bar\u0131\u015f\u00e7\u0131l misyonu temsil ediyor. \u00d6nceki g\u00fcn D\u0131\u015f \u0130\u015fleri Bakanl\u0131\u011f\u0131m\u0131z\u0131n da i\u00e7inde oldu\u011fu 16 \u00fclke filoya ger\u00e7ekle\u015fecek muhtemel sald\u0131r\u0131lara kar\u015f\u0131 uyar\u0131larda bulundu. Bunu \u00f6nemli bir ad\u0131m olarak de\u011ferlendiriyoruz ve filoya kay\u0131ts\u0131z kalmamalar\u0131n\u0131 \u00f6nemsiyoruz. Bu a\u015famada beklentimiz fiili olarak bu filoya e\u015flik edecek diplomatik himaye koalisyonu olu\u015fturulmas\u0131d\u0131r. Bu vatanda\u015flar\u0131m\u0131z\u0131n g\u00fcvenli deniz ge\u00e7i\u015fi i\u00e7in gereklidir. Gemiler iki g\u00fcn olumsuz hava \u015fartlar\u0131 nedeniyle daha s\u0131n\u0131rl\u0131 bir hareket halinde olacaklar. Cumartesi g\u00fcn\u00fc ise t\u00fcm gemiler birle\u015fip Gazze\u00b4ye do\u011fru yola \u00e7\u0131kacaklar. Devletler \u00fczerine d\u00fc\u015feni yapmad\u0131\u011f\u0131 s\u00fcrece bu filolara yenilerini eklenecek. Bir sonraki a\u015famada \u00e7ok yak\u0131n bir s\u00fcre\u00e7te daha b\u00fcy\u00fck gemilerle, yeni \u00f6zg\u00fcrl\u00fck filosu yola \u00e7\u0131kacak. \u00dclkemiz tabiri caizse yo\u011fun g\u00fcndemler \u00fclkesi, \u00fcstelik bu g\u00fcndemler \u00e7ok katmanl\u0131 bir bi\u00e7imde e\u015f zamanl\u0131 olarak farkl\u0131 kesimlerimizi derinden etkileme kapasitesine sahip&#8221; ifadelerini kulland\u0131.<\/p>\n<p>Son \u0130slam \u0130\u015fbirli\u011fi Toplant\u0131s\u0131n\u0131n bir kez daha t\u00fcm \u0130slam d\u00fcnyas\u0131n\u0131 hayal k\u0131r\u0131kl\u0131\u011f\u0131na u\u011fratt\u0131\u011f\u0131n\u0131 \u00f6ne s\u00fcren \u00dcn, konu\u015fmas\u0131n \u015f\u00f6yle s\u00fcrd\u00fcrd\u00fc:<br \/>\n<br \/>&#8220;Bug\u00fcn itibariyle Gazze\u2019nin umudu ne etraf\u0131ndaki \u0130slam \u00fclkelerinin ordular\u0131 ne saraylar\u0131n\u0131n ihti\u015fam\u0131 g\u00f6z kama\u015ft\u0131ran liderleridir. Bug\u00fcn Gazze\u2019nin tek umudu Akdeniz\u2019de \u015fu an, \u015fu dakika f\u0131rt\u0131nal\u0131 denizlerde yol almaya \u00e7al\u0131\u015fan elli k\u00fcsur tane bal\u0131k\u00e7\u0131 teknesinden hallice gemiler ve o gemilerin i\u00e7indeki dinleri dilleri milliyetleri farkl\u0131 bir avu\u00e7 cesur insandan ba\u015fkas\u0131 de\u011fildir. Bug\u00fcnden itibaren bizler i\u00e7in de meclis de Sumud n\u00f6beti ba\u015flam\u0131\u015ft\u0131r. Bu s\u00fcre\u00e7te in\u015fallah s\u0131k s\u0131k huzurlar\u0131n\u0131zda olaca\u011f\u0131z. Bu giri\u015fim 38. ablukay\u0131 k\u0131rma giri\u015fimdir ve filonun t\u0131pk\u0131 2008\u2019deki ilk misyon gibi ba\u015far\u0131l\u0131 olaca\u011f\u0131na inanc\u0131m\u0131z tamd\u0131r&#8221;<br \/><\/p>\n","protected":false},"excerpt":{"rendered":"<p>DEN\u0130ZL\u0130 (\u0130HA) \u2013 \u0130srail\u2019in Gazze\u2019ye uygulad\u0131\u011f\u0131 ablukay\u0131 k\u0131rmak ve insani yard\u0131mlar\u0131 ula\u015ft\u0131rmak i\u00e7in yola \u00e7\u0131kacak K\u00fcresel Sumud Filosuna destek i\u00e7in TBMM\u2019de n\u00f6bet ba\u015flatan Denizli Milletvekili Sema Silkin \u00dcn, &#8220;\u0130lk g\u00fcndemimiz Gazze\u2019dir. \u00c7\u00fcnk\u00fc Gazze\u2019yi savunmak; \u00f6zg\u00fcrl\u00fc\u011f\u00fc ve insan onurunu savunmakt\u0131r&#8221; dedi. T\u00fcrkiye B\u00fcy\u00fck Millet Meclisi\u2019ne bas\u0131n toplant\u0131s\u0131 d\u00fczenleyen ba\u015flatan Denizli Milletvekili Sema Silkin \u00dcn, Gazze ablukas\u0131n\u0131&#8230;<\/p>\n","protected":false},"author":1,"featured_media":55768,"comment_status":"open","ping_status":"open","sticky":false,"template":"","format":"standard","meta":{"_crdt_document":"","footnotes":""},"categories":[127],"tags":[],"class_list":["post-55767","post","type-post","status-publish","format-standard","has-post-thumbnail","hentry","category-siyaset"],"_links":{"self":[{"href":"https:\/\/www.egemtv.com\/index.php?rest_route=\/wp\/v2\/posts\/55767","targetHints":{"allow":["GET"]}}],"collection":[{"href":"https:\/\/www.egemtv.com\/index.php?rest_route=\/wp\/v2\/posts"}],"about":[{"href":"https:\/\/www.egemtv.com\/index.php?rest_route=\/wp\/v2\/types\/post"}],"author":[{"embeddable":true,"href":"https:\/\/www.egemtv.com\/index.php?rest_route=\/wp\/v2\/users\/1"}],"replies":[{"embeddable":true,"href":"https:\/\/www.egemtv.com\/index.php?rest_route=%2Fwp%2Fv2%2Fcomments&post=55767"}],"version-history":[{"count":1,"href":"https:\/\/www.egemtv.com\/index.php?rest_route=\/wp\/v2\/posts\/55767\/revisions"}],"predecessor-version":[{"id":55769,"href":"https:\/\/www.egemtv.com\/index.php?rest_route=\/wp\/v2\/posts\/55767\/revisions\/55769"}],"wp:featuredmedia":[{"embeddable":true,"href":"https:\/\/www.egemtv.com\/index.php?rest_route=\/wp\/v2\/media\/55768"}],"wp:attachment":[{"href":"https:\/\/www.egemtv.com\/index.php?rest_route=%2Fwp%2Fv2%2Fmedia&parent=55767"}],"wp:term":[{"taxonomy":"category","embeddable":true,"href":"https:\/\/www.egemtv.com\/index.php?rest_route=%2Fwp%2Fv2%2Fcategories&post=55767"},{"taxonomy":"post_tag","embeddable":true,"href":"https:\/\/www.egemtv.com\/index.php?rest_route=%2Fwp%2Fv2%2Ftags&post=55767"}],"curies":[{"name":"wp","href":"https:\/\/api.w.org\/{rel}","templated":true}]}}