{"id":55764,"date":"2025-09-18T18:15:19","date_gmt":"2025-09-18T15:15:19","guid":{"rendered":"https:\/\/www.egemtv.com\/?p=55764"},"modified":"2025-09-18T18:15:20","modified_gmt":"2025-09-18T15:15:20","slug":"haber-alinamayan-yasli-kadin-resim-kursundan-cikti","status":"publish","type":"post","link":"https:\/\/www.egemtv.com\/?p=55764","title":{"rendered":"Haber al\u0131namayan ya\u015fl\u0131 kad\u0131n resim kursundan \u00e7\u0131kt\u0131"},"content":{"rendered":"<p>Ayd\u0131n\u2019\u0131n Efeler il\u00e7esinde kendisinden haber al\u0131namayan ve ekipleri alarma ge\u00e7iren ya\u015fl\u0131 kad\u0131n\u0131n, resim kursunda oldu\u011fu ortaya \u00e7\u0131kt\u0131.<\/p>\n<p>Olay, Efeler il\u00e7esi Me\u015frutiyet Mahallesi 2064 Sokak \u00fczerinde meydana geldi. Edinilen bilgiye g\u00f6re, KOAH hastas\u0131 oldu\u011fu \u00f6\u011frenilen 58 ya\u015f\u0131ndaki M.A.\u2019dan kom\u015fular\u0131 uzun s\u00fcre haber alamad\u0131. M.A.\u2019n\u0131n o\u011flu ile g\u00f6r\u00fc\u015fen ve onun da annesine ula\u015famad\u0131\u011f\u0131n\u0131 \u00f6\u011frenen kom\u015fular, ya\u015fl\u0131 kad\u0131n\u0131n hayat\u0131ndan \u015f\u00fcphe ederek durumu 112 Acil \u00c7a\u011fr\u0131 Merkezi\u2019ne bildirdi. \u0130hbar \u00fczerine b\u00f6lgeye polis, itfaiye ve sa\u011fl\u0131k ekipleri sevk edildi. K\u0131sa s\u00fcrede b\u00f6lgeye gelen itfaiye ekipleri kap\u0131y\u0131 a\u00e7mak i\u00e7in hidrolik makas\u0131 haz\u0131rlad\u0131. O esnada kom\u015fular\u0131 ya\u015fl\u0131 kad\u0131na telefonla ula\u015f\u0131rken, ya\u015fl\u0131 kad\u0131n\u0131n resim kursunda oldu\u011fu \u00f6\u011frenildi. Sa\u011fl\u0131k durumunun iyi oldu\u011funu \u00f6\u011frenen kom\u015fular\u0131 derin bir nefes al\u0131rken, ekipler normale d\u00f6nd\u00fc.<br \/><\/p>\n","protected":false},"excerpt":{"rendered":"<p>Ayd\u0131n\u2019\u0131n Efeler il\u00e7esinde kendisinden haber al\u0131namayan ve ekipleri alarma ge\u00e7iren ya\u015fl\u0131 kad\u0131n\u0131n, resim kursunda oldu\u011fu ortaya \u00e7\u0131kt\u0131. Olay, Efeler il\u00e7esi Me\u015frutiyet Mahallesi 2064 Sokak \u00fczerinde meydana geldi. Edinilen bilgiye g\u00f6re, KOAH hastas\u0131 oldu\u011fu \u00f6\u011frenilen 58 ya\u015f\u0131ndaki M.A.\u2019dan kom\u015fular\u0131 uzun s\u00fcre haber alamad\u0131. M.A.\u2019n\u0131n o\u011flu ile g\u00f6r\u00fc\u015fen ve onun da annesine ula\u015famad\u0131\u011f\u0131n\u0131 \u00f6\u011frenen kom\u015fular, ya\u015fl\u0131 kad\u0131n\u0131n&#8230;<\/p>\n","protected":false},"author":1,"featured_media":55765,"comment_status":"open","ping_status":"open","sticky":false,"template":"","format":"standard","meta":{"_crdt_document":"","footnotes":""},"categories":[5],"tags":[],"class_list":["post-55764","post","type-post","status-publish","format-standard","has-post-thumbnail","hentry","category-asayis"],"_links":{"self":[{"href":"https:\/\/www.egemtv.com\/index.php?rest_route=\/wp\/v2\/posts\/55764","targetHints":{"allow":["GET"]}}],"collection":[{"href":"https:\/\/www.egemtv.com\/index.php?rest_route=\/wp\/v2\/posts"}],"about":[{"href":"https:\/\/www.egemtv.com\/index.php?rest_route=\/wp\/v2\/types\/post"}],"author":[{"embeddable":true,"href":"https:\/\/www.egemtv.com\/index.php?rest_route=\/wp\/v2\/users\/1"}],"replies":[{"embeddable":true,"href":"https:\/\/www.egemtv.com\/index.php?rest_route=%2Fwp%2Fv2%2Fcomments&post=55764"}],"version-history":[{"count":1,"href":"https:\/\/www.egemtv.com\/index.php?rest_route=\/wp\/v2\/posts\/55764\/revisions"}],"predecessor-version":[{"id":55766,"href":"https:\/\/www.egemtv.com\/index.php?rest_route=\/wp\/v2\/posts\/55764\/revisions\/55766"}],"wp:featuredmedia":[{"embeddable":true,"href":"https:\/\/www.egemtv.com\/index.php?rest_route=\/wp\/v2\/media\/55765"}],"wp:attachment":[{"href":"https:\/\/www.egemtv.com\/index.php?rest_route=%2Fwp%2Fv2%2Fmedia&parent=55764"}],"wp:term":[{"taxonomy":"category","embeddable":true,"href":"https:\/\/www.egemtv.com\/index.php?rest_route=%2Fwp%2Fv2%2Fcategories&post=55764"},{"taxonomy":"post_tag","embeddable":true,"href":"https:\/\/www.egemtv.com\/index.php?rest_route=%2Fwp%2Fv2%2Ftags&post=55764"}],"curies":[{"name":"wp","href":"https:\/\/api.w.org\/{rel}","templated":true}]}}