{"id":55761,"date":"2025-09-18T18:15:18","date_gmt":"2025-09-18T15:15:18","guid":{"rendered":"https:\/\/www.egemtv.com\/?p=55761"},"modified":"2025-09-18T18:15:19","modified_gmt":"2025-09-18T15:15:19","slug":"saruhanlida-ilk-kez-tarim-gunleri-duzenlendi","status":"publish","type":"post","link":"https:\/\/www.egemtv.com\/?p=55761","title":{"rendered":"Saruhanl\u0131\u2019da ilk kez Tar\u0131m G\u00fcnleri d\u00fczenlendi"},"content":{"rendered":"<p>Manisa\u2019n\u0131n Saruhanl\u0131 il\u00e7esinde belediye ile EFR Fuarc\u0131l\u0131k i\u015f birli\u011finde il\u00e7e tarihinde ilk kez &#8220;Tar\u0131m Hayvanc\u0131l\u0131k Makineleri, Teknolojileri ve Yem G\u00fcnleri&#8221; ba\u015flad\u0131.<br \/>\n<br \/>\u0130l\u00e7edeki kapal\u0131 pazaryerinde ger\u00e7ekle\u015ftirilen a\u00e7\u0131l\u0131\u015f t\u00f6renine AK Parti Manisa Milletvekili Tamer Akkal, Saruhanl\u0131 Kaymakam\u0131 Murat Acar, Saruhanl\u0131 Belediye Ba\u015fkan\u0131 Ekrem C\u0131ll\u0131, AK Parti \u0130l\u00e7e Ba\u015fkan\u0131 \u015eerif Ero\u011flu, Ziraat Odas\u0131 Ba\u015fkan\u0131 Aydo\u011fan Okur, G\u0131da Tar\u0131m ve Hayvanc\u0131l\u0131k \u0130l\u00e7e M\u00fcd\u00fcr\u00fc Ali Tuncel, EFR Fuarc\u0131l\u0131k Genel M\u00fcd\u00fcr\u00fc Muhammed Baykal, protokol \u00fcyeleri ve \u00e7ok say\u0131da davetli kat\u0131ld\u0131.<br \/>\n<br \/>Ba\u015fkan Ekrem C\u0131ll\u0131 t\u00f6rende yapt\u0131\u011f\u0131 konu\u015fmada, &#8220;Saruhanl\u0131, bereketli topraklar\u0131, \u00e7al\u0131\u015fkan insanlar\u0131 ve g\u00fc\u00e7l\u00fc tar\u0131m potansiyeli ile \u00fclkemizin g\u00f6z bebe\u011fi il\u00e7elerinden biridir. Bu organizasyon sayesinde \u00e7ift\u00e7ilerimiz en yeni teknolojileri, modern tar\u0131m ve hayvanc\u0131l\u0131k makinelerini yak\u0131ndan tan\u0131ma f\u0131rsat\u0131 bulacak. Dilerim ki bu etkinlik geleneksel hale gelerek Saruhanl\u0131\u2019y\u0131 tar\u0131m teknolojilerinin bulu\u015fma noktas\u0131 haline getirsin&#8221; dedi.<br \/>\n<br \/>Konu\u015fmalar\u0131n ard\u0131ndan kurdele kesilerek Tar\u0131m G\u00fcnleri resmen ba\u015flat\u0131ld\u0131. Protokol \u00fcyeleri stantlar\u0131 gezerek firmalar\u0131n \u00fcr\u00fcnlerini inceledi.<br \/>\n<br \/>Yakla\u015f\u0131k 100 firman\u0131n yer ald\u0131\u011f\u0131 etkinlikte tar\u0131m ve hayvanc\u0131l\u0131k makineleri ile yeni teknolojiler sergileniyor. \u00c7ift\u00e7iler ve sekt\u00f6r temsilcilerini bir araya getiren Tar\u0131m G\u00fcnleri, 21 Eyl\u00fcl Pazar g\u00fcn\u00fcne kadar ziyaret\u00e7ilerini a\u011f\u0131rlayacak.<br \/><\/p>\n","protected":false},"excerpt":{"rendered":"<p>Manisa\u2019n\u0131n Saruhanl\u0131 il\u00e7esinde belediye ile EFR Fuarc\u0131l\u0131k i\u015f birli\u011finde il\u00e7e tarihinde ilk kez &#8220;Tar\u0131m Hayvanc\u0131l\u0131k Makineleri, Teknolojileri ve Yem G\u00fcnleri&#8221; ba\u015flad\u0131. \u0130l\u00e7edeki kapal\u0131 pazaryerinde ger\u00e7ekle\u015ftirilen a\u00e7\u0131l\u0131\u015f t\u00f6renine AK Parti Manisa Milletvekili Tamer Akkal, Saruhanl\u0131 Kaymakam\u0131 Murat Acar, Saruhanl\u0131 Belediye Ba\u015fkan\u0131 Ekrem C\u0131ll\u0131, AK Parti \u0130l\u00e7e Ba\u015fkan\u0131 \u015eerif Ero\u011flu, Ziraat Odas\u0131 Ba\u015fkan\u0131 Aydo\u011fan Okur, G\u0131da Tar\u0131m&#8230;<\/p>\n","protected":false},"author":1,"featured_media":55762,"comment_status":"open","ping_status":"open","sticky":false,"template":"","format":"standard","meta":{"_crdt_document":"","footnotes":""},"categories":[125],"tags":[],"class_list":["post-55761","post","type-post","status-publish","format-standard","has-post-thumbnail","hentry","category-ekonomi"],"_links":{"self":[{"href":"https:\/\/www.egemtv.com\/index.php?rest_route=\/wp\/v2\/posts\/55761","targetHints":{"allow":["GET"]}}],"collection":[{"href":"https:\/\/www.egemtv.com\/index.php?rest_route=\/wp\/v2\/posts"}],"about":[{"href":"https:\/\/www.egemtv.com\/index.php?rest_route=\/wp\/v2\/types\/post"}],"author":[{"embeddable":true,"href":"https:\/\/www.egemtv.com\/index.php?rest_route=\/wp\/v2\/users\/1"}],"replies":[{"embeddable":true,"href":"https:\/\/www.egemtv.com\/index.php?rest_route=%2Fwp%2Fv2%2Fcomments&post=55761"}],"version-history":[{"count":1,"href":"https:\/\/www.egemtv.com\/index.php?rest_route=\/wp\/v2\/posts\/55761\/revisions"}],"predecessor-version":[{"id":55763,"href":"https:\/\/www.egemtv.com\/index.php?rest_route=\/wp\/v2\/posts\/55761\/revisions\/55763"}],"wp:featuredmedia":[{"embeddable":true,"href":"https:\/\/www.egemtv.com\/index.php?rest_route=\/wp\/v2\/media\/55762"}],"wp:attachment":[{"href":"https:\/\/www.egemtv.com\/index.php?rest_route=%2Fwp%2Fv2%2Fmedia&parent=55761"}],"wp:term":[{"taxonomy":"category","embeddable":true,"href":"https:\/\/www.egemtv.com\/index.php?rest_route=%2Fwp%2Fv2%2Fcategories&post=55761"},{"taxonomy":"post_tag","embeddable":true,"href":"https:\/\/www.egemtv.com\/index.php?rest_route=%2Fwp%2Fv2%2Ftags&post=55761"}],"curies":[{"name":"wp","href":"https:\/\/api.w.org\/{rel}","templated":true}]}}