{"id":55755,"date":"2025-09-18T17:54:37","date_gmt":"2025-09-18T14:54:37","guid":{"rendered":"https:\/\/www.egemtv.com\/?p=55755"},"modified":"2025-09-18T17:54:38","modified_gmt":"2025-09-18T14:54:38","slug":"kizartma-yagindan-cikan-yangin-panige-neden-oldu","status":"publish","type":"post","link":"https:\/\/www.egemtv.com\/?p=55755","title":{"rendered":"K\u0131zartma ya\u011f\u0131ndan \u00e7\u0131kan yang\u0131n pani\u011fe neden oldu"},"content":{"rendered":"<p>Ayd\u0131n\u2019\u0131n Efeler il\u00e7esinde k\u0131zartma ya\u011f\u0131ndan \u00e7\u0131kan yang\u0131n k\u0131sa s\u00fcreli pani\u011fe neden olurken, yang\u0131n ekiplerin h\u0131zl\u0131 m\u00fcdahalesiyle b\u00fcy\u00fcmeden s\u00f6nd\u00fcr\u00fcld\u00fc.<\/p>\n<p>Yang\u0131n, Me\u015frutiyet Mahallesi 2053 Sokak \u00fczerinde meydana geldi. Edinilen bilgiye g\u00f6re, M.E. isimli ev sahibi k\u0131zartma yapmak i\u00e7in ya\u011f dolu tavay\u0131 oca\u011fa koydu. Bir s\u00fcre sonra tavadaki ya\u011f alev ald\u0131. Elektri\u011fin gitti\u011fini fark eden ev sahibi M.E., mutfa\u011fa girdi\u011finde k\u0131zartma ya\u011f\u0131n\u0131n ve aspirat\u00f6r\u00fcn alev ald\u0131\u011f\u0131n\u0131 fark etti. M.E.\u2019nin o\u011flu durumu 112 Acil \u00c7a\u011fr\u0131 Merkezi\u2019ne bildirirken, M.E. ve o\u011flu do\u011falgaz\u0131 kapatarak a\u015fa\u011f\u0131ya indi. \u0130hbar \u00fczerine b\u00f6lgeye polis, itfaiye ve sa\u011fl\u0131k ekipleri sevk edildi. K\u0131sa s\u00fcrede b\u00f6lgeye gelen itfaiye ekipleri yang\u0131n\u0131 b\u00fcy\u00fcmeden s\u00f6nd\u00fcr\u00fcrken, evin i\u00e7ine dolan duman tahliye edildi. Ekipler, so\u011futma \u00e7al\u0131\u015fmas\u0131 ger\u00e7ekle\u015ftirirken, yang\u0131n sonras\u0131 mutfak kullan\u0131lamaz hale geldi.<br \/>\n<br \/>&#8220;K\u0131zartma yapmak istemi\u015ftik&#8221;<br \/>\n<br \/>Evdeki elektriklerin gitmesinin ard\u0131ndan yang\u0131n\u0131 fark etti\u011fini ifade eden ev sahibi M.E., &#8220;Oca\u011f\u0131n \u00fcst\u00fcnde ya\u011f unutmu\u015fum. Ondan sonra bakt\u0131m elektrik kesildi. Mutfa\u011f\u0131 a\u00e7t\u0131m, aspirat\u00f6r yanmaya ba\u015flam\u0131\u015f. Hemen o\u011flum itfaiyeyi arad\u0131. Ben de do\u011falgaz\u0131 kestim. \u0130tfaiye geldi, m\u00fcdahale etti. \u00c7ok \u015f\u00fck\u00fcr biz de bir \u015fey yok ama maddi hasar var biraz&#8221; dedi.<br \/><\/p>\n","protected":false},"excerpt":{"rendered":"<p>Ayd\u0131n\u2019\u0131n Efeler il\u00e7esinde k\u0131zartma ya\u011f\u0131ndan \u00e7\u0131kan yang\u0131n k\u0131sa s\u00fcreli pani\u011fe neden olurken, yang\u0131n ekiplerin h\u0131zl\u0131 m\u00fcdahalesiyle b\u00fcy\u00fcmeden s\u00f6nd\u00fcr\u00fcld\u00fc. Yang\u0131n, Me\u015frutiyet Mahallesi 2053 Sokak \u00fczerinde meydana geldi. Edinilen bilgiye g\u00f6re, M.E. isimli ev sahibi k\u0131zartma yapmak i\u00e7in ya\u011f dolu tavay\u0131 oca\u011fa koydu. Bir s\u00fcre sonra tavadaki ya\u011f alev ald\u0131. Elektri\u011fin gitti\u011fini fark eden ev sahibi M.E.,&#8230;<\/p>\n","protected":false},"author":1,"featured_media":55756,"comment_status":"open","ping_status":"open","sticky":false,"template":"","format":"standard","meta":{"_crdt_document":"","footnotes":""},"categories":[5],"tags":[],"class_list":["post-55755","post","type-post","status-publish","format-standard","has-post-thumbnail","hentry","category-asayis"],"_links":{"self":[{"href":"https:\/\/www.egemtv.com\/index.php?rest_route=\/wp\/v2\/posts\/55755","targetHints":{"allow":["GET"]}}],"collection":[{"href":"https:\/\/www.egemtv.com\/index.php?rest_route=\/wp\/v2\/posts"}],"about":[{"href":"https:\/\/www.egemtv.com\/index.php?rest_route=\/wp\/v2\/types\/post"}],"author":[{"embeddable":true,"href":"https:\/\/www.egemtv.com\/index.php?rest_route=\/wp\/v2\/users\/1"}],"replies":[{"embeddable":true,"href":"https:\/\/www.egemtv.com\/index.php?rest_route=%2Fwp%2Fv2%2Fcomments&post=55755"}],"version-history":[{"count":1,"href":"https:\/\/www.egemtv.com\/index.php?rest_route=\/wp\/v2\/posts\/55755\/revisions"}],"predecessor-version":[{"id":55757,"href":"https:\/\/www.egemtv.com\/index.php?rest_route=\/wp\/v2\/posts\/55755\/revisions\/55757"}],"wp:featuredmedia":[{"embeddable":true,"href":"https:\/\/www.egemtv.com\/index.php?rest_route=\/wp\/v2\/media\/55756"}],"wp:attachment":[{"href":"https:\/\/www.egemtv.com\/index.php?rest_route=%2Fwp%2Fv2%2Fmedia&parent=55755"}],"wp:term":[{"taxonomy":"category","embeddable":true,"href":"https:\/\/www.egemtv.com\/index.php?rest_route=%2Fwp%2Fv2%2Fcategories&post=55755"},{"taxonomy":"post_tag","embeddable":true,"href":"https:\/\/www.egemtv.com\/index.php?rest_route=%2Fwp%2Fv2%2Ftags&post=55755"}],"curies":[{"name":"wp","href":"https:\/\/api.w.org\/{rel}","templated":true}]}}