{"id":55752,"date":"2025-09-18T17:35:03","date_gmt":"2025-09-18T14:35:03","guid":{"rendered":"https:\/\/www.egemtv.com\/?p=55752"},"modified":"2025-09-18T17:35:04","modified_gmt":"2025-09-18T14:35:04","slug":"burdurda-aranan-25-sahis-yakalandi","status":"publish","type":"post","link":"https:\/\/www.egemtv.com\/?p=55752","title":{"rendered":"Burdur\u2019da aranan 25 \u015fah\u0131s yakaland\u0131"},"content":{"rendered":"<p>Burdur\u2019da haklar\u0131nda kesinle\u015fmi\u015f hapis cezalar\u0131 bulunan ve \u00e7e\u015fitli su\u00e7lardan aranan 25 \u015fah\u0131s yakalan\u0131rken \u00e7\u0131kar\u0131ld\u0131\u011f\u0131 mahkemece tutukland\u0131.<br \/>\n<br \/>Edinilen bilgiye g\u00f6re, Burdur\u2019da kolluk birimleri taraf\u0131ndan il genelinde huzur ve g\u00fcven ortam\u0131n\u0131n sa\u011flanmas\u0131na y\u00f6nelik, mal varl\u0131\u011f\u0131na kar\u015f\u0131 i\u015flenen su\u00e7lar\u0131n \u00f6nlenmesi, su\u00e7-su\u00e7lular\u0131n tespiti ve yakalanmas\u0131na y\u00f6nelik y\u00fcr\u00fct\u00fclen \u00e7al\u0131\u015fmalara devam ediyor. Bu \u00e7er\u00e7evede; 16 A\u011fustos-16 Eyl\u00fcl 2025 tarihleri aras\u0131nda, haklar\u0131nda kesinle\u015fmi\u015f hapis cezalar\u0131 bulunan ve \u00e7e\u015fitli su\u00e7lardan aranan 25 \u015fah\u0131s yakaland\u0131.<br \/>\n<br \/>\u015eahs\u0131lar sevk edildikleri adli makamlarca tutuklanarak Burdur Ceza \u0130nfaz Kurumu\u2019na teslim edildi.<br \/><\/p>\n","protected":false},"excerpt":{"rendered":"<p>Burdur\u2019da haklar\u0131nda kesinle\u015fmi\u015f hapis cezalar\u0131 bulunan ve \u00e7e\u015fitli su\u00e7lardan aranan 25 \u015fah\u0131s yakalan\u0131rken \u00e7\u0131kar\u0131ld\u0131\u011f\u0131 mahkemece tutukland\u0131. Edinilen bilgiye g\u00f6re, Burdur\u2019da kolluk birimleri taraf\u0131ndan il genelinde huzur ve g\u00fcven ortam\u0131n\u0131n sa\u011flanmas\u0131na y\u00f6nelik, mal varl\u0131\u011f\u0131na kar\u015f\u0131 i\u015flenen su\u00e7lar\u0131n \u00f6nlenmesi, su\u00e7-su\u00e7lular\u0131n tespiti ve yakalanmas\u0131na y\u00f6nelik y\u00fcr\u00fct\u00fclen \u00e7al\u0131\u015fmalara devam ediyor. Bu \u00e7er\u00e7evede; 16 A\u011fustos-16 Eyl\u00fcl 2025 tarihleri aras\u0131nda, haklar\u0131nda&#8230;<\/p>\n","protected":false},"author":1,"featured_media":55753,"comment_status":"open","ping_status":"open","sticky":false,"template":"","format":"standard","meta":{"_crdt_document":"","footnotes":""},"categories":[5],"tags":[],"class_list":["post-55752","post","type-post","status-publish","format-standard","has-post-thumbnail","hentry","category-asayis"],"_links":{"self":[{"href":"https:\/\/www.egemtv.com\/index.php?rest_route=\/wp\/v2\/posts\/55752","targetHints":{"allow":["GET"]}}],"collection":[{"href":"https:\/\/www.egemtv.com\/index.php?rest_route=\/wp\/v2\/posts"}],"about":[{"href":"https:\/\/www.egemtv.com\/index.php?rest_route=\/wp\/v2\/types\/post"}],"author":[{"embeddable":true,"href":"https:\/\/www.egemtv.com\/index.php?rest_route=\/wp\/v2\/users\/1"}],"replies":[{"embeddable":true,"href":"https:\/\/www.egemtv.com\/index.php?rest_route=%2Fwp%2Fv2%2Fcomments&post=55752"}],"version-history":[{"count":1,"href":"https:\/\/www.egemtv.com\/index.php?rest_route=\/wp\/v2\/posts\/55752\/revisions"}],"predecessor-version":[{"id":55754,"href":"https:\/\/www.egemtv.com\/index.php?rest_route=\/wp\/v2\/posts\/55752\/revisions\/55754"}],"wp:featuredmedia":[{"embeddable":true,"href":"https:\/\/www.egemtv.com\/index.php?rest_route=\/wp\/v2\/media\/55753"}],"wp:attachment":[{"href":"https:\/\/www.egemtv.com\/index.php?rest_route=%2Fwp%2Fv2%2Fmedia&parent=55752"}],"wp:term":[{"taxonomy":"category","embeddable":true,"href":"https:\/\/www.egemtv.com\/index.php?rest_route=%2Fwp%2Fv2%2Fcategories&post=55752"},{"taxonomy":"post_tag","embeddable":true,"href":"https:\/\/www.egemtv.com\/index.php?rest_route=%2Fwp%2Fv2%2Ftags&post=55752"}],"curies":[{"name":"wp","href":"https:\/\/api.w.org\/{rel}","templated":true}]}}