{"id":55749,"date":"2025-09-18T17:35:00","date_gmt":"2025-09-18T14:35:00","guid":{"rendered":"https:\/\/www.egemtv.com\/?p=55749"},"modified":"2025-09-18T17:35:02","modified_gmt":"2025-09-18T14:35:02","slug":"akhisarda-ogrencilere-trafik-egitimi-verildi","status":"publish","type":"post","link":"https:\/\/www.egemtv.com\/?p=55749","title":{"rendered":"Akhisar\u2019da \u00f6\u011frencilere trafik e\u011fitimi verildi"},"content":{"rendered":"<p>Manisa \u0130l Jandarma Komutanl\u0131\u011f\u0131 Trafik \u015eube M\u00fcd\u00fcrl\u00fc\u011f\u00fc koordinesinde Akhisar\u2019da ortaokul ve lise \u00f6\u011frencilerine y\u00f6nelik trafik g\u00fcvenli\u011fi e\u011fitimi d\u00fczenlendi.<br \/>\n<br \/>Akhisar Ayvazdede \u0130mam Hatip Ortaokulu ve Adnan Menderes K\u0131z Anadolu \u0130mam Hatip Lisesi\u2019nde 18 Eyl\u00fcl 2025 tarihinde ger\u00e7ekle\u015ftirilen etkinli\u011fe Akhisar Trafik Jandarmas\u0131 Timleri, Olay Yeri \u0130nceleme Timi ve Denizli \u0130l Jandarma Komutanl\u0131\u011f\u0131\u2019na ait Emniyet Kemeri Sim\u00fclasyon Arac\u0131 da kat\u0131ld\u0131.<br \/>\n<br \/>Toplam 476 \u00f6\u011frencinin kat\u0131ld\u0131\u011f\u0131 e\u011fitimlerde Jandarma mesle\u011fi tan\u0131t\u0131l\u0131rken, \u00f6\u011frencilere temel trafik kurallar\u0131, emniyet kemeri kullan\u0131m\u0131, servis ara\u00e7lar\u0131nda inme-binme kurallar\u0131 hakk\u0131nda bilgiler verildi. E\u011fitim sonunda \u00f6\u011frencilere reflekt\u00f6rl\u00fc yelek ve trafikle ilgili \u00e7e\u015fitli materyaller da\u011f\u0131t\u0131ld\u0131.<br \/>\n<br \/>Etkinli\u011fin en dikkat \u00e7eken b\u00f6l\u00fcm\u00fc ise Emniyet Kemeri Sim\u00fclasyon Arac\u0131 oldu. \u00d6\u011frenciler araca bindirilerek trafik kazas\u0131 canland\u0131rmas\u0131na kat\u0131ld\u0131 ve emniyet kemerinin hayat kurtar\u0131c\u0131 \u00f6nemi uygulamal\u0131 olarak g\u00f6sterildi.<br \/><\/p>\n","protected":false},"excerpt":{"rendered":"<p>Manisa \u0130l Jandarma Komutanl\u0131\u011f\u0131 Trafik \u015eube M\u00fcd\u00fcrl\u00fc\u011f\u00fc koordinesinde Akhisar\u2019da ortaokul ve lise \u00f6\u011frencilerine y\u00f6nelik trafik g\u00fcvenli\u011fi e\u011fitimi d\u00fczenlendi. Akhisar Ayvazdede \u0130mam Hatip Ortaokulu ve Adnan Menderes K\u0131z Anadolu \u0130mam Hatip Lisesi\u2019nde 18 Eyl\u00fcl 2025 tarihinde ger\u00e7ekle\u015ftirilen etkinli\u011fe Akhisar Trafik Jandarmas\u0131 Timleri, Olay Yeri \u0130nceleme Timi ve Denizli \u0130l Jandarma Komutanl\u0131\u011f\u0131\u2019na ait Emniyet Kemeri Sim\u00fclasyon Arac\u0131&#8230;<\/p>\n","protected":false},"author":1,"featured_media":55750,"comment_status":"open","ping_status":"open","sticky":false,"template":"","format":"standard","meta":{"_crdt_document":"","footnotes":""},"categories":[1],"tags":[],"class_list":["post-55749","post","type-post","status-publish","format-standard","has-post-thumbnail","hentry","category-guncel"],"_links":{"self":[{"href":"https:\/\/www.egemtv.com\/index.php?rest_route=\/wp\/v2\/posts\/55749","targetHints":{"allow":["GET"]}}],"collection":[{"href":"https:\/\/www.egemtv.com\/index.php?rest_route=\/wp\/v2\/posts"}],"about":[{"href":"https:\/\/www.egemtv.com\/index.php?rest_route=\/wp\/v2\/types\/post"}],"author":[{"embeddable":true,"href":"https:\/\/www.egemtv.com\/index.php?rest_route=\/wp\/v2\/users\/1"}],"replies":[{"embeddable":true,"href":"https:\/\/www.egemtv.com\/index.php?rest_route=%2Fwp%2Fv2%2Fcomments&post=55749"}],"version-history":[{"count":1,"href":"https:\/\/www.egemtv.com\/index.php?rest_route=\/wp\/v2\/posts\/55749\/revisions"}],"predecessor-version":[{"id":55751,"href":"https:\/\/www.egemtv.com\/index.php?rest_route=\/wp\/v2\/posts\/55749\/revisions\/55751"}],"wp:featuredmedia":[{"embeddable":true,"href":"https:\/\/www.egemtv.com\/index.php?rest_route=\/wp\/v2\/media\/55750"}],"wp:attachment":[{"href":"https:\/\/www.egemtv.com\/index.php?rest_route=%2Fwp%2Fv2%2Fmedia&parent=55749"}],"wp:term":[{"taxonomy":"category","embeddable":true,"href":"https:\/\/www.egemtv.com\/index.php?rest_route=%2Fwp%2Fv2%2Fcategories&post=55749"},{"taxonomy":"post_tag","embeddable":true,"href":"https:\/\/www.egemtv.com\/index.php?rest_route=%2Fwp%2Fv2%2Ftags&post=55749"}],"curies":[{"name":"wp","href":"https:\/\/api.w.org\/{rel}","templated":true}]}}