{"id":55746,"date":"2025-09-18T17:14:43","date_gmt":"2025-09-18T14:14:43","guid":{"rendered":"https:\/\/www.egemtv.com\/?p=55746"},"modified":"2025-09-18T17:14:43","modified_gmt":"2025-09-18T14:14:43","slug":"guclu-yol-partisi-siyasi-yolculuguna-denizliden-basladi","status":"publish","type":"post","link":"https:\/\/www.egemtv.com\/?p=55746","title":{"rendered":"G\u00fc\u00e7l\u00fc Yol Partisi siyasi yolculu\u011funa Denizli\u2019den ba\u015flad\u0131"},"content":{"rendered":"<p>T\u00fcrkiye\u2019nin yeni siyasi olu\u015fumlar\u0131ndan G\u00fc\u00e7l\u00fc Yol Partisi, ilk kongresini Genel Ba\u015fkan Kemal Seyhan\u2019\u0131n memleketi Denizli\u2019de ger\u00e7ekle\u015ftirdi.<\/p>\n<p>Partinin ilk y\u00f6netim kadrosunun belirlendi\u011fi kongre, siyasette yeni bir d\u00f6nemin ba\u015flang\u0131c\u0131 olarak de\u011ferlendirildi.  Yo\u011fun kat\u0131l\u0131m\u0131n oldu\u011fu kongrede, partinin T\u00fcrkiye genelinde h\u0131zla te\u015fkilatland\u0131\u011f\u0131 ve se\u00e7ime haz\u0131r hale geldi\u011fi mesaj\u0131 verildi.<\/p>\n<p>Kongrenin a\u00e7\u0131l\u0131\u015f\u0131nda konu\u015fan Te\u015fkilat Ba\u015fkan\u0131 Feyyaz Memi\u015f, siyasetin sadece makam aray\u0131\u015f\u0131 olmad\u0131\u011f\u0131n\u0131 vurgulayarak, &#8220;Siyaset, temsilcisi oldu\u011funuz partinin, ona g\u00f6n\u00fcl verenlerin ve umudunu bize ba\u011flayan milletimizin aynas\u0131d\u0131r. Biz bu yola makam i\u00e7in de\u011fil, millete hizmet i\u00e7in \u00e7\u0131kt\u0131k. Gece g\u00fcnd\u00fcz demeden b\u00fcy\u00fck bir fedak\u00e2rl\u0131kla \u00e7al\u0131\u015farak, k\u0131sa s\u00fcrede bu partiyi kurmay\u0131 ba\u015fard\u0131k. Bu s\u00fcre\u00e7te kar\u015f\u0131m\u0131za \u00e7\u0131kan t\u00fcm engellere ra\u011fmen halk\u0131m\u0131zdan ald\u0131\u011f\u0131m\u0131z g\u00fc\u00e7le yola devam ettik. Bug\u00fcn burada g\u00f6rd\u00fc\u011f\u00fcm\u00fcz kalabal\u0131k, do\u011fru yolda oldu\u011fumuzun en b\u00fcy\u00fck kan\u0131t\u0131d\u0131r&#8221; diye konu\u015ftu.<\/p>\n<p>Ela \u00c7elen: &#8220;Denizli\u2019de g\u00fc\u00e7l\u00fc y\u00fcr\u00fcy\u00fc\u015f ba\u015flad\u0131&#8221;<br \/>\n<br \/>G\u00fc\u00e7l\u00fc Yol Partisi\u2019nin Denizli\u2019de halk\u0131n sesi olaca\u011f\u0131n\u0131 kaydeden Denizli \u0130l Ba\u015fkan\u0131 Ela \u00c7elen de &#8220;Amac\u0131m\u0131z Denizli\u2019nin her k\u00f6\u015fesine dokunmak. Hem\u015fehrilerimizin sorunlar\u0131na \u00e7\u00f6z\u00fcm \u00fcretmek, gen\u00e7lerimize umut, kad\u0131nlar\u0131m\u0131za f\u0131rsat, esnaf\u0131m\u0131za, \u00e7ift\u00e7imize ve i\u015f\u00e7imize daha adil bir gelecek sunmak i\u00e7in buraday\u0131z&#8221; \u015feklinde konu\u015ftu.<\/p>\n<p>Kemal Seyhan: &#8220;Demokrasiye yeni bir nefes getirece\u011fiz&#8221;<br \/>\n<br \/>Partisinin kurulu\u015funun memleketi Denizli\u2019den ba\u015flamas\u0131n\u0131n kendisi i\u00e7in \u00f6zel bir anlam ta\u015f\u0131d\u0131\u011f\u0131n\u0131 s\u00f6yleyen Genel Ba\u015fkan Kemal Seyhan da, &#8220;\u00dclkemizin demokrasi hayat\u0131na yeni bir nefes, yeni bir umut kazand\u0131rmak \u00fczere kurdu\u011fumuz G\u00fc\u00e7l\u00fc Yol Partisi\u2019nin ilk y\u00f6netim g\u00f6revlendirme toplant\u0131s\u0131na kat\u0131lm\u0131\u015f bulunmaktay\u0131z. Bu yolun temel ta\u015flar\u0131n\u0131 demokrasi, adalet, \u00f6zg\u00fcrl\u00fck, milli de\u011ferlerimize ba\u011fl\u0131l\u0131k ve insan onuruna sayg\u0131 \u00fczerine in\u015fa edece\u011fiz. Biz yaln\u0131zca bir idari zorunlulu\u011fu yerine getirmiyoruz, \u00fclkemize, milletimize ve gelecek nesillere kar\u015f\u0131 duydu\u011fumuz sorumlulu\u011fu yerine getiriyoruz&#8221; ifadelerini kulland\u0131.<\/p>\n<p>&#8220;42 il ve il\u00e7elerimiz se\u00e7ime haz\u0131r&#8221;<br \/>\n<br \/>Genel Ba\u015fkan Seyhan, te\u015fkilatlanma \u00e7al\u0131\u015fmalar\u0131nda k\u0131sa s\u00fcrede \u00f6nemli mesafe al\u0131nd\u0131\u011f\u0131n\u0131 belirterek, \u015f\u00f6yle konu\u015ftu:<br \/>\n<br \/>&#8220;Art\u0131k G\u00fc\u00e7l\u00fc Yol Partisi se\u00e7ime haz\u0131rlan\u0131yor. 42 ilimizde \u00f6rg\u00fctlenmemiz tamamland\u0131, il ba\u015fkanlar\u0131m\u0131z ve il\u00e7elerimiz haz\u0131r. Dinamik ve gen\u00e7 kadrolarla sahaya inece\u011fiz.  \u00d6zellikle gen\u00e7ler ve kad\u0131nlara daha fazla yer verilecek. \u00c7ok yak\u0131nda t\u00fcm il\u00e7e ba\u015fkanlar\u0131m\u0131z\u0131n mazbatalar\u0131n\u0131 da\u011f\u0131taca\u011f\u0131z. Kutupla\u015ft\u0131r\u0131c\u0131 de\u011fil, birle\u015ftirici bir siyaset anlay\u0131\u015f\u0131 g\u00fcdece\u011fiz. Bizim i\u00e7in her vatanda\u015f\u0131m\u0131z de\u011ferlidir. G\u00fc\u00e7l\u00fc Yol Partisi, kimseyi \u00f6tekile\u015ftirmeyen, kapsay\u0131c\u0131 bir siyasetin temsilcisi olacakt\u0131r. G\u00fc\u00e7l\u00fc Yol Partisi, \u00f6n\u00fcm\u00fczdeki s\u00fcre\u00e7te T\u00fcrkiye\u2019nin d\u00f6rt bir yan\u0131nda daha g\u00f6r\u00fcn\u00fcr hale gelecek&#8221;<br \/><\/p>\n","protected":false},"excerpt":{"rendered":"<p>T\u00fcrkiye\u2019nin yeni siyasi olu\u015fumlar\u0131ndan G\u00fc\u00e7l\u00fc Yol Partisi, ilk kongresini Genel Ba\u015fkan Kemal Seyhan\u2019\u0131n memleketi Denizli\u2019de ger\u00e7ekle\u015ftirdi. Partinin ilk y\u00f6netim kadrosunun belirlendi\u011fi kongre, siyasette yeni bir d\u00f6nemin ba\u015flang\u0131c\u0131 olarak de\u011ferlendirildi. Yo\u011fun kat\u0131l\u0131m\u0131n oldu\u011fu kongrede, partinin T\u00fcrkiye genelinde h\u0131zla te\u015fkilatland\u0131\u011f\u0131 ve se\u00e7ime haz\u0131r hale geldi\u011fi mesaj\u0131 verildi. Kongrenin a\u00e7\u0131l\u0131\u015f\u0131nda konu\u015fan Te\u015fkilat Ba\u015fkan\u0131 Feyyaz Memi\u015f, siyasetin sadece makam&#8230;<\/p>\n","protected":false},"author":1,"featured_media":55747,"comment_status":"open","ping_status":"open","sticky":false,"template":"","format":"standard","meta":{"_crdt_document":"","footnotes":""},"categories":[127],"tags":[],"class_list":["post-55746","post","type-post","status-publish","format-standard","has-post-thumbnail","hentry","category-siyaset"],"_links":{"self":[{"href":"https:\/\/www.egemtv.com\/index.php?rest_route=\/wp\/v2\/posts\/55746","targetHints":{"allow":["GET"]}}],"collection":[{"href":"https:\/\/www.egemtv.com\/index.php?rest_route=\/wp\/v2\/posts"}],"about":[{"href":"https:\/\/www.egemtv.com\/index.php?rest_route=\/wp\/v2\/types\/post"}],"author":[{"embeddable":true,"href":"https:\/\/www.egemtv.com\/index.php?rest_route=\/wp\/v2\/users\/1"}],"replies":[{"embeddable":true,"href":"https:\/\/www.egemtv.com\/index.php?rest_route=%2Fwp%2Fv2%2Fcomments&post=55746"}],"version-history":[{"count":1,"href":"https:\/\/www.egemtv.com\/index.php?rest_route=\/wp\/v2\/posts\/55746\/revisions"}],"predecessor-version":[{"id":55748,"href":"https:\/\/www.egemtv.com\/index.php?rest_route=\/wp\/v2\/posts\/55746\/revisions\/55748"}],"wp:featuredmedia":[{"embeddable":true,"href":"https:\/\/www.egemtv.com\/index.php?rest_route=\/wp\/v2\/media\/55747"}],"wp:attachment":[{"href":"https:\/\/www.egemtv.com\/index.php?rest_route=%2Fwp%2Fv2%2Fmedia&parent=55746"}],"wp:term":[{"taxonomy":"category","embeddable":true,"href":"https:\/\/www.egemtv.com\/index.php?rest_route=%2Fwp%2Fv2%2Fcategories&post=55746"},{"taxonomy":"post_tag","embeddable":true,"href":"https:\/\/www.egemtv.com\/index.php?rest_route=%2Fwp%2Fv2%2Ftags&post=55746"}],"curies":[{"name":"wp","href":"https:\/\/api.w.org\/{rel}","templated":true}]}}