{"id":55743,"date":"2025-09-18T17:14:42","date_gmt":"2025-09-18T14:14:42","guid":{"rendered":"https:\/\/www.egemtv.com\/?p=55743"},"modified":"2025-09-18T17:14:43","modified_gmt":"2025-09-18T14:14:43","slug":"aliaga-limanlari-yukte-liderligini-surduruyor","status":"publish","type":"post","link":"https:\/\/www.egemtv.com\/?p=55743","title":{"rendered":"Alia\u011fa Limanlar\u0131 y\u00fckte liderli\u011fini s\u00fcrd\u00fcr\u00fcyor"},"content":{"rendered":"<p>\u0130MEAK Deniz Ticaret Odas\u0131 (DTO) Alia\u011fa \u015eubesi\u2019nin eyl\u00fcl ay\u0131 ola\u011fan meclis toplant\u0131s\u0131nda konu\u015fan Y\u00f6netim Kurulu Ba\u015fkan\u0131 Adem \u015eim\u015fek, 2025 y\u0131l\u0131 ocak-a\u011fustos d\u00f6neminde Alia\u011fa Limanlar\u0131\u2019nda elle\u00e7lenen net ton miktar\u0131n\u0131n ge\u00e7en y\u0131la g\u00f6re y\u00fczde 3,84 art\u0131\u015fla 60 milyon 7 bin 782 tona ula\u015ft\u0131\u011f\u0131n\u0131, gemi u\u011fraklar\u0131n\u0131n y\u00fczde 1,58 artarak 4 bin 163\u2019e \u00e7\u0131kt\u0131\u011f\u0131n\u0131, y\u00fckleme ve bo\u015faltmada T\u00fcrkiye\u2019nin lider liman\u0131 olduklar\u0131n\u0131, ancak konteyner trafi\u011finde y\u00fczde 15,43 azal\u0131\u015fla T\u00fcrkiye genelinde be\u015finci s\u0131rada yer ald\u0131\u011f\u0131n\u0131 a\u00e7\u0131klad\u0131.<\/p>\n<p>Y\u00f6netim Kurulu Ba\u015fkan\u0131 Adem \u015eim\u015fek, 2025 y\u0131l\u0131 Ocak-A\u011fustos d\u00f6nemine ili\u015fkin Alia\u011fa Limanlar\u0131\u2019n\u0131n konteyner ve y\u00fck istatistiklerini de\u011ferlendirdi.<br \/>\n<br \/>Konteyner ve y\u00fck istatistiklerini de\u011ferlendiren Ba\u015fkan Adem \u015eim\u015fek \u015fu a\u00e7\u0131klamalarda bulundu: &#8220;2025 y\u0131l\u0131 Ocak\u2013A\u011fustos d\u00f6neminde elle\u00e7lenen net ton miktar\u0131 60 milyon 7 bin 782 ton olmu\u015ftur. Ge\u00e7en y\u0131l ayn\u0131 d\u00f6nemde bu rakam 57 milyon 787 bin 300 ton olarak ger\u00e7ekle\u015fmi\u015f, b\u00f6ylece y\u00fczde 3,84\u2019l\u00fck art\u0131\u015f sa\u011flanm\u0131\u015ft\u0131r. Alia\u011fa bu verilerle net tonda lider konumunu s\u00fcrd\u00fcrmektedir.<br \/>\n<br \/>Ayn\u0131 d\u00f6nemde toplam gross ton elle\u00e7leme miktar\u0131 79 milyon 284 bin 921 ton olarak ger\u00e7ekle\u015fmi\u015f, ge\u00e7en seneye g\u00f6re y\u00fczde 0,6 art\u0131\u015f kaydedilmi\u015ftir. Bu rakamlarla Alia\u011fa Limanlar\u0131, toplam gross ton elle\u00e7lemede Kocaeli\u2019nin ard\u0131ndan ikinci s\u0131rada yer alm\u0131\u015ft\u0131r. 2025 y\u0131l\u0131 Ocak\u2013A\u011fustos d\u00f6neminde TEU bazl\u0131 konteyner trafi\u011fi toplam 1 milyon 191 bin 824 TEU olarak ger\u00e7ekle\u015fmi\u015ftir. Ge\u00e7en y\u0131l\u0131n ayn\u0131 d\u00f6nemine k\u0131yasla y\u00fczde 15,43 azal\u0131\u015f g\u00f6r\u00fclm\u00fc\u015f olup, Alia\u011fa Limanlar\u0131 T\u00fcrkiye genelinde 5\u2019inci s\u0131rada yer ald\u0131.<\/p>\n<p>Gemi u\u011fraklar\u0131nda art\u0131\u015f<br \/>\n<br \/>2025 Ocak\u2013A\u011fustos d\u00f6neminde Alia\u011fa Limanlar\u0131na 4 bin 163 gemi u\u011frak yapm\u0131\u015ft\u0131r. 2024\u2019te bu say\u0131 4 bin 98 idi. B\u00f6ylece y\u00fczde 1,58 art\u0131\u015f sa\u011flanm\u0131\u015f ve Alia\u011fa, gemi u\u011fraklar\u0131nda da Kocaeli\u2019nin ard\u0131ndan ikinci s\u0131rada yer ald\u0131.<\/p>\n<p>Alia\u011fa Limanlar\u0131, g\u00fc\u00e7l\u00fc altyap\u0131s\u0131yla liderli\u011fini s\u00fcrd\u00fcr\u00fcyor<br \/>\n<br \/>&#8220;2025\u2019in ilk sekiz ay\u0131nda y\u00fckleme net ton miktar\u0131 24 milyon 361 bin 518 ton olarak ger\u00e7ekle\u015fmi\u015f ve ge\u00e7en seneye g\u00f6re y\u00fczde 4,71 art\u0131\u015f kaydedilmi\u015ftir. Bo\u015faltma net ton miktar\u0131 ise 35 milyon 646 bin 264 ton olup y\u00fczde 3,25 oran\u0131nda art\u0131\u015f g\u00f6stermi\u015ftir. Bu rakamlarla Alia\u011fa hem y\u00fcklemede hem de bo\u015faltmada T\u00fcrkiye\u2019nin lider liman\u0131 olmu\u015ftur. Bu veriler, Alia\u011fa limanlar\u0131n\u0131n g\u00fc\u00e7l\u00fc altyap\u0131s\u0131 ve artan kapasitesiyle s\u00fcrd\u00fcr\u00fclebilir ba\u015far\u0131s\u0131n\u0131 kararl\u0131l\u0131kla s\u00fcrd\u00fcrd\u00fc\u011f\u00fcn\u00fc ortaya koymaktad\u0131r&#8221;  \u0130fadelerini kulland\u0131.<br \/><\/p>\n","protected":false},"excerpt":{"rendered":"<p>\u0130MEAK Deniz Ticaret Odas\u0131 (DTO) Alia\u011fa \u015eubesi\u2019nin eyl\u00fcl ay\u0131 ola\u011fan meclis toplant\u0131s\u0131nda konu\u015fan Y\u00f6netim Kurulu Ba\u015fkan\u0131 Adem \u015eim\u015fek, 2025 y\u0131l\u0131 ocak-a\u011fustos d\u00f6neminde Alia\u011fa Limanlar\u0131\u2019nda elle\u00e7lenen net ton miktar\u0131n\u0131n ge\u00e7en y\u0131la g\u00f6re y\u00fczde 3,84 art\u0131\u015fla 60 milyon 7 bin 782 tona ula\u015ft\u0131\u011f\u0131n\u0131, gemi u\u011fraklar\u0131n\u0131n y\u00fczde 1,58 artarak 4 bin 163\u2019e \u00e7\u0131kt\u0131\u011f\u0131n\u0131, y\u00fckleme ve bo\u015faltmada T\u00fcrkiye\u2019nin lider&#8230;<\/p>\n","protected":false},"author":1,"featured_media":55744,"comment_status":"open","ping_status":"open","sticky":false,"template":"","format":"standard","meta":{"_crdt_document":"","footnotes":""},"categories":[125],"tags":[],"class_list":["post-55743","post","type-post","status-publish","format-standard","has-post-thumbnail","hentry","category-ekonomi"],"_links":{"self":[{"href":"https:\/\/www.egemtv.com\/index.php?rest_route=\/wp\/v2\/posts\/55743","targetHints":{"allow":["GET"]}}],"collection":[{"href":"https:\/\/www.egemtv.com\/index.php?rest_route=\/wp\/v2\/posts"}],"about":[{"href":"https:\/\/www.egemtv.com\/index.php?rest_route=\/wp\/v2\/types\/post"}],"author":[{"embeddable":true,"href":"https:\/\/www.egemtv.com\/index.php?rest_route=\/wp\/v2\/users\/1"}],"replies":[{"embeddable":true,"href":"https:\/\/www.egemtv.com\/index.php?rest_route=%2Fwp%2Fv2%2Fcomments&post=55743"}],"version-history":[{"count":1,"href":"https:\/\/www.egemtv.com\/index.php?rest_route=\/wp\/v2\/posts\/55743\/revisions"}],"predecessor-version":[{"id":55745,"href":"https:\/\/www.egemtv.com\/index.php?rest_route=\/wp\/v2\/posts\/55743\/revisions\/55745"}],"wp:featuredmedia":[{"embeddable":true,"href":"https:\/\/www.egemtv.com\/index.php?rest_route=\/wp\/v2\/media\/55744"}],"wp:attachment":[{"href":"https:\/\/www.egemtv.com\/index.php?rest_route=%2Fwp%2Fv2%2Fmedia&parent=55743"}],"wp:term":[{"taxonomy":"category","embeddable":true,"href":"https:\/\/www.egemtv.com\/index.php?rest_route=%2Fwp%2Fv2%2Fcategories&post=55743"},{"taxonomy":"post_tag","embeddable":true,"href":"https:\/\/www.egemtv.com\/index.php?rest_route=%2Fwp%2Fv2%2Ftags&post=55743"}],"curies":[{"name":"wp","href":"https:\/\/api.w.org\/{rel}","templated":true}]}}