{"id":55740,"date":"2025-09-18T17:14:41","date_gmt":"2025-09-18T14:14:41","guid":{"rendered":"https:\/\/www.egemtv.com\/?p=55740"},"modified":"2025-09-18T17:14:42","modified_gmt":"2025-09-18T14:14:42","slug":"baskan-arikandan-soke-1970-fk-taraftarina-500-bilet","status":"publish","type":"post","link":"https:\/\/www.egemtv.com\/?p=55740","title":{"rendered":"Ba\u015fkan Ar\u0131kan\u2019dan S\u00f6ke 1970 FK taraftar\u0131na 500 bilet"},"content":{"rendered":"<p>S\u00f6ke Belediye Ba\u015fkan\u0131 Dr. Mustafa \u0130berya Ar\u0131kan, kentin profesyonel ligdeki temsilcisi S\u00f6ke 1970 Spor Kul\u00fcb\u00fc\u2019ne deste\u011fini s\u00fcrd\u00fcr\u00fcyor. Ba\u015fkan Ar\u0131kan, 21 Eyl\u00fcl Pazar g\u00fcn\u00fc Didim\u2019de oynanacak olan S\u00f6ke 1970 SK-Eski\u015fehir Anadolu Spor Kul\u00fcb\u00fc kar\u015f\u0131la\u015fmas\u0131 i\u00e7in S\u00f6ke taraftar\u0131na 500 bilet hediye edecek.<\/p>\n<p>Biletlerin stadyum giri\u015finde taraftarlara da\u011f\u0131t\u0131laca\u011f\u0131n\u0131 belirten Ba\u015fkan Ar\u0131kan, &#8220;Kentimizin profesyonel lig temsilcisi S\u00f6ke 1970 SK\u2019nin her zaman yan\u0131nda yer alaca\u011f\u0131z. T\u00fcm vatanda\u015flar\u0131m\u0131z\u0131 da \u015fehrimizin tak\u0131m\u0131na sahip \u00e7\u0131kmaya davet ediyorum&#8221; ifadelerini kulland\u0131.<\/p>\n<p>S\u00f6ke Belediye Ba\u015fkan\u0131 Dr. Mustafa \u0130berya Ar\u0131kan\u2019\u0131n bu jesti, il\u00e7edeki futbolseverler taraf\u0131ndan memnuniyetle kar\u015f\u0131land\u0131.<br \/><\/p>\n","protected":false},"excerpt":{"rendered":"<p>S\u00f6ke Belediye Ba\u015fkan\u0131 Dr. Mustafa \u0130berya Ar\u0131kan, kentin profesyonel ligdeki temsilcisi S\u00f6ke 1970 Spor Kul\u00fcb\u00fc\u2019ne deste\u011fini s\u00fcrd\u00fcr\u00fcyor. Ba\u015fkan Ar\u0131kan, 21 Eyl\u00fcl Pazar g\u00fcn\u00fc Didim\u2019de oynanacak olan S\u00f6ke 1970 SK-Eski\u015fehir Anadolu Spor Kul\u00fcb\u00fc kar\u015f\u0131la\u015fmas\u0131 i\u00e7in S\u00f6ke taraftar\u0131na 500 bilet hediye edecek. Biletlerin stadyum giri\u015finde taraftarlara da\u011f\u0131t\u0131laca\u011f\u0131n\u0131 belirten Ba\u015fkan Ar\u0131kan, &#8220;Kentimizin profesyonel lig temsilcisi S\u00f6ke 1970 SK\u2019nin&#8230;<\/p>\n","protected":false},"author":1,"featured_media":55741,"comment_status":"open","ping_status":"open","sticky":false,"template":"","format":"standard","meta":{"_crdt_document":"","footnotes":""},"categories":[4],"tags":[],"class_list":["post-55740","post","type-post","status-publish","format-standard","has-post-thumbnail","hentry","category-spor"],"_links":{"self":[{"href":"https:\/\/www.egemtv.com\/index.php?rest_route=\/wp\/v2\/posts\/55740","targetHints":{"allow":["GET"]}}],"collection":[{"href":"https:\/\/www.egemtv.com\/index.php?rest_route=\/wp\/v2\/posts"}],"about":[{"href":"https:\/\/www.egemtv.com\/index.php?rest_route=\/wp\/v2\/types\/post"}],"author":[{"embeddable":true,"href":"https:\/\/www.egemtv.com\/index.php?rest_route=\/wp\/v2\/users\/1"}],"replies":[{"embeddable":true,"href":"https:\/\/www.egemtv.com\/index.php?rest_route=%2Fwp%2Fv2%2Fcomments&post=55740"}],"version-history":[{"count":1,"href":"https:\/\/www.egemtv.com\/index.php?rest_route=\/wp\/v2\/posts\/55740\/revisions"}],"predecessor-version":[{"id":55742,"href":"https:\/\/www.egemtv.com\/index.php?rest_route=\/wp\/v2\/posts\/55740\/revisions\/55742"}],"wp:featuredmedia":[{"embeddable":true,"href":"https:\/\/www.egemtv.com\/index.php?rest_route=\/wp\/v2\/media\/55741"}],"wp:attachment":[{"href":"https:\/\/www.egemtv.com\/index.php?rest_route=%2Fwp%2Fv2%2Fmedia&parent=55740"}],"wp:term":[{"taxonomy":"category","embeddable":true,"href":"https:\/\/www.egemtv.com\/index.php?rest_route=%2Fwp%2Fv2%2Fcategories&post=55740"},{"taxonomy":"post_tag","embeddable":true,"href":"https:\/\/www.egemtv.com\/index.php?rest_route=%2Fwp%2Fv2%2Ftags&post=55740"}],"curies":[{"name":"wp","href":"https:\/\/api.w.org\/{rel}","templated":true}]}}