{"id":55737,"date":"2025-09-18T16:56:04","date_gmt":"2025-09-18T13:56:04","guid":{"rendered":"https:\/\/www.egemtv.com\/?p=55737"},"modified":"2025-09-18T16:56:04","modified_gmt":"2025-09-18T13:56:04","slug":"yanan-evdeki-cocuklarini-kurtarmak-icin-canini-hice-saydi","status":"publish","type":"post","link":"https:\/\/www.egemtv.com\/?p=55737","title":{"rendered":"Yanan evdeki \u00e7ocuklar\u0131n\u0131 kurtarmak i\u00e7in can\u0131n\u0131 hi\u00e7e sayd\u0131"},"content":{"rendered":"<p>Denizli\u2019de evlerinde \u00e7\u0131kan yang\u0131ndan \u00e7ocuklar\u0131n\u0131 kurtarmak isteyen kad\u0131n v\u00fccudunun \u00e7e\u015fitli yerlerinden yaraland\u0131.<\/p>\n<p>Yang\u0131n, Pamukkale il\u00e7esi Delikta\u015f Mahallesi 2332 sokakta meydana geldi. Edinilen bilgilere g\u00f6re Kas\u0131m A.\u2019ya ait 4 katl\u0131 apartman\u0131n son kat\u0131nda hen\u00fcz bilinmeyen bir nedenle yang\u0131n \u00e7\u0131kt\u0131. Alevleri fark eden Fatma K., 2 \u00e7ocu\u011funu yanan evden kurtarmak i\u00e7in can\u0131n\u0131 hi\u00e7e sayd\u0131. 2 \u00e7ocu\u011funu alevlerin aras\u0131ndan kurtaran Fatma K.\u2019n\u0131n v\u00fccudunun farkl\u0131 yerlerinde yan\u0131klar olu\u015ftu. \u00c7evredeki vatanda\u015flar\u0131n ihbar\u0131 \u00fczerine k\u0131sa s\u00fcrede olay yerine sevk edilen itfaiye ekipleri alevleri kontrol alt\u0131na al\u0131rken, sa\u011fl\u0131k ekipleri ise yaral\u0131 anneye m\u00fcdahalede bulundu.<\/p>\n<p>Yang\u0131nda yaralanarak hastaneye kald\u0131r\u0131lan Fatma K.\u2019n\u0131n sa\u011fl\u0131k durumunun iyi oldu\u011fu \u00f6\u011frenilirken, yang\u0131n ise itfaiye ekipleri taraf\u0131ndan s\u00f6nd\u00fcr\u00fcld\u00fc. Yang\u0131nla  ilgili soru\u015fturma ba\u015flat\u0131ld\u0131.<br \/><\/p>\n","protected":false},"excerpt":{"rendered":"<p>Denizli\u2019de evlerinde \u00e7\u0131kan yang\u0131ndan \u00e7ocuklar\u0131n\u0131 kurtarmak isteyen kad\u0131n v\u00fccudunun \u00e7e\u015fitli yerlerinden yaraland\u0131. Yang\u0131n, Pamukkale il\u00e7esi Delikta\u015f Mahallesi 2332 sokakta meydana geldi. Edinilen bilgilere g\u00f6re Kas\u0131m A.\u2019ya ait 4 katl\u0131 apartman\u0131n son kat\u0131nda hen\u00fcz bilinmeyen bir nedenle yang\u0131n \u00e7\u0131kt\u0131. Alevleri fark eden Fatma K., 2 \u00e7ocu\u011funu yanan evden kurtarmak i\u00e7in can\u0131n\u0131 hi\u00e7e sayd\u0131. 2 \u00e7ocu\u011funu alevlerin&#8230;<\/p>\n","protected":false},"author":1,"featured_media":55738,"comment_status":"open","ping_status":"open","sticky":false,"template":"","format":"standard","meta":{"_crdt_document":"","footnotes":""},"categories":[5],"tags":[],"class_list":["post-55737","post","type-post","status-publish","format-standard","has-post-thumbnail","hentry","category-asayis"],"_links":{"self":[{"href":"https:\/\/www.egemtv.com\/index.php?rest_route=\/wp\/v2\/posts\/55737","targetHints":{"allow":["GET"]}}],"collection":[{"href":"https:\/\/www.egemtv.com\/index.php?rest_route=\/wp\/v2\/posts"}],"about":[{"href":"https:\/\/www.egemtv.com\/index.php?rest_route=\/wp\/v2\/types\/post"}],"author":[{"embeddable":true,"href":"https:\/\/www.egemtv.com\/index.php?rest_route=\/wp\/v2\/users\/1"}],"replies":[{"embeddable":true,"href":"https:\/\/www.egemtv.com\/index.php?rest_route=%2Fwp%2Fv2%2Fcomments&post=55737"}],"version-history":[{"count":1,"href":"https:\/\/www.egemtv.com\/index.php?rest_route=\/wp\/v2\/posts\/55737\/revisions"}],"predecessor-version":[{"id":55739,"href":"https:\/\/www.egemtv.com\/index.php?rest_route=\/wp\/v2\/posts\/55737\/revisions\/55739"}],"wp:featuredmedia":[{"embeddable":true,"href":"https:\/\/www.egemtv.com\/index.php?rest_route=\/wp\/v2\/media\/55738"}],"wp:attachment":[{"href":"https:\/\/www.egemtv.com\/index.php?rest_route=%2Fwp%2Fv2%2Fmedia&parent=55737"}],"wp:term":[{"taxonomy":"category","embeddable":true,"href":"https:\/\/www.egemtv.com\/index.php?rest_route=%2Fwp%2Fv2%2Fcategories&post=55737"},{"taxonomy":"post_tag","embeddable":true,"href":"https:\/\/www.egemtv.com\/index.php?rest_route=%2Fwp%2Fv2%2Ftags&post=55737"}],"curies":[{"name":"wp","href":"https:\/\/api.w.org\/{rel}","templated":true}]}}