{"id":55734,"date":"2025-09-18T16:56:02","date_gmt":"2025-09-18T13:56:02","guid":{"rendered":"https:\/\/www.egemtv.com\/?p=55734"},"modified":"2025-09-18T16:56:04","modified_gmt":"2025-09-18T13:56:04","slug":"baskan-arastan-gaziler-gunu-mesaji","status":"publish","type":"post","link":"https:\/\/www.egemtv.com\/?p=55734","title":{"rendered":"Ba\u015fkan Aras\u2019tan \u2018Gaziler G\u00fcn\u00fc\u2019 mesaj\u0131"},"content":{"rendered":"<p>K\u0131y\u0131 Ege Belediyeler Birli\u011fi ve Mu\u011fla B\u00fcy\u00fck\u015fehir Belediye Ba\u015fkan\u0131 Ahmet Aras, 19 Eyl\u00fcl Gaziler G\u00fcn\u00fc nedeniyle mesaj yay\u0131mlad\u0131.<br \/>\n<br \/>Ba\u015fkan Aras mesaj\u0131nda, &#8220;19 Eyl\u00fcl 1921\u2019de T\u00fcrkiye B\u00fcy\u00fck Millet Meclisi taraf\u0131ndan B\u00fcy\u00fck \u00d6nder Mustafa Kemal Atat\u00fcrk\u2019e \u2018Mare\u015fal\u2019 r\u00fctbesi ve \u2018Gazi\u2019 unvan\u0131 verilmi\u015fti. Bu anlaml\u0131 g\u00fcn, Gazi Mustafa Kemal Atat\u00fcrk\u2019\u00fcn \u015fahs\u0131nda vatan u\u011fruna can\u0131n\u0131 ortaya koyan t\u00fcm gazilerimize onur g\u00fcn\u00fc olarak milletimizin haf\u0131zas\u0131nda yerini ald\u0131. Gazilerimiz, istiklalimizin ilelebet mevcudiyeti i\u00e7in cesaretleri, fedak\u00e2rl\u0131klar\u0131 ve vatan sevgileriyle nice kahramanl\u0131k destanlar\u0131 yazm\u0131\u015ft\u0131r. Bug\u00fcn \u00e7a\u011fda\u015f, laik ve tam ba\u011f\u0131ms\u0131z bir Cumhuriyet\u2019in yurtta\u015flar\u0131 olarak, ay-y\u0131ld\u0131zl\u0131 bayra\u011f\u0131m\u0131z\u0131n g\u00f6lgesinde g\u00fcvenle ya\u015f\u0131yorsak bu, kahraman gazilerimizin ve aziz \u015fehitlerimizin \u00f6dedi\u011fi a\u011f\u0131r bedeller sayesinde m\u00fcmk\u00fcn olmu\u015ftur. B\u00fcy\u00fck bir \u015f\u00fckranla \u00f6m\u00fcr boyu h\u00fcrmet etti\u011fimiz gazilerimiz, ba\u011f\u0131ms\u0131zl\u0131\u011f\u0131m\u0131z\u0131n teminat\u0131 ve Cumhuriyetimizin onur ni\u015faneleridir. Atam\u0131z\u0131n dedi\u011fi gibi: &#8220;Gaziler, milletin minnettarl\u0131k abideleridir.&#8221;<br \/>\n<br \/>Minnet Abidelerimizin fedak\u00e2rl\u0131klar\u0131na lay\u0131k olabilmek i\u00e7in kurucu ve kurtar\u0131c\u0131 \u00f6nderimiz Gazi Mustafa Kemal Atat\u00fcrk\u2019\u00fcn izinde, \u00e7a\u011fda\u015f T\u00fcrkiye Cumhuriyeti\u2019ni akl\u0131n ve bilimin \u0131\u015f\u0131\u011f\u0131nda ileriye ta\u015f\u0131mak; ayn\u0131 vatan sevgisiyle durmadan, dinlenmeden, yorulmadan \u00e7al\u0131\u015fmal\u0131y\u0131z. Bu duygu ve d\u00fc\u015f\u00fcncelerle ba\u015fta Ulu \u00d6nderimiz Gazi Mustafa Kemal Atat\u00fcrk olmak \u00fczere, t\u00fcm \u015fehitlerimizi ve ebediyete intikal etmi\u015f gazilerimizi rahmet ve minnetle an\u0131yor; hayatta olan gazilerimize sa\u011fl\u0131k, huzur ve uzun \u00f6m\u00fcrler diliyor, 19 Eyl\u00fcl Gaziler G\u00fcn\u00fc\u2019n\u00fc y\u00fcrekten kutluyorum&#8221; dedi.<br \/><\/p>\n","protected":false},"excerpt":{"rendered":"<p>K\u0131y\u0131 Ege Belediyeler Birli\u011fi ve Mu\u011fla B\u00fcy\u00fck\u015fehir Belediye Ba\u015fkan\u0131 Ahmet Aras, 19 Eyl\u00fcl Gaziler G\u00fcn\u00fc nedeniyle mesaj yay\u0131mlad\u0131. Ba\u015fkan Aras mesaj\u0131nda, &#8220;19 Eyl\u00fcl 1921\u2019de T\u00fcrkiye B\u00fcy\u00fck Millet Meclisi taraf\u0131ndan B\u00fcy\u00fck \u00d6nder Mustafa Kemal Atat\u00fcrk\u2019e \u2018Mare\u015fal\u2019 r\u00fctbesi ve \u2018Gazi\u2019 unvan\u0131 verilmi\u015fti. Bu anlaml\u0131 g\u00fcn, Gazi Mustafa Kemal Atat\u00fcrk\u2019\u00fcn \u015fahs\u0131nda vatan u\u011fruna can\u0131n\u0131 ortaya koyan t\u00fcm gazilerimize&#8230;<\/p>\n","protected":false},"author":1,"featured_media":55735,"comment_status":"open","ping_status":"open","sticky":false,"template":"","format":"standard","meta":{"_crdt_document":"","footnotes":""},"categories":[123],"tags":[],"class_list":["post-55734","post","type-post","status-publish","format-standard","has-post-thumbnail","hentry","category-gundem"],"_links":{"self":[{"href":"https:\/\/www.egemtv.com\/index.php?rest_route=\/wp\/v2\/posts\/55734","targetHints":{"allow":["GET"]}}],"collection":[{"href":"https:\/\/www.egemtv.com\/index.php?rest_route=\/wp\/v2\/posts"}],"about":[{"href":"https:\/\/www.egemtv.com\/index.php?rest_route=\/wp\/v2\/types\/post"}],"author":[{"embeddable":true,"href":"https:\/\/www.egemtv.com\/index.php?rest_route=\/wp\/v2\/users\/1"}],"replies":[{"embeddable":true,"href":"https:\/\/www.egemtv.com\/index.php?rest_route=%2Fwp%2Fv2%2Fcomments&post=55734"}],"version-history":[{"count":1,"href":"https:\/\/www.egemtv.com\/index.php?rest_route=\/wp\/v2\/posts\/55734\/revisions"}],"predecessor-version":[{"id":55736,"href":"https:\/\/www.egemtv.com\/index.php?rest_route=\/wp\/v2\/posts\/55734\/revisions\/55736"}],"wp:featuredmedia":[{"embeddable":true,"href":"https:\/\/www.egemtv.com\/index.php?rest_route=\/wp\/v2\/media\/55735"}],"wp:attachment":[{"href":"https:\/\/www.egemtv.com\/index.php?rest_route=%2Fwp%2Fv2%2Fmedia&parent=55734"}],"wp:term":[{"taxonomy":"category","embeddable":true,"href":"https:\/\/www.egemtv.com\/index.php?rest_route=%2Fwp%2Fv2%2Fcategories&post=55734"},{"taxonomy":"post_tag","embeddable":true,"href":"https:\/\/www.egemtv.com\/index.php?rest_route=%2Fwp%2Fv2%2Ftags&post=55734"}],"curies":[{"name":"wp","href":"https:\/\/api.w.org\/{rel}","templated":true}]}}