{"id":55731,"date":"2025-09-18T16:56:01","date_gmt":"2025-09-18T13:56:01","guid":{"rendered":"https:\/\/www.egemtv.com\/?p=55731"},"modified":"2025-09-18T16:56:02","modified_gmt":"2025-09-18T13:56:02","slug":"bozdogan-belediyesi-kirsal-mahallelerde-calismalarini-surduruyor","status":"publish","type":"post","link":"https:\/\/www.egemtv.com\/?p=55731","title":{"rendered":"Bozdo\u011fan Belediyesi k\u0131rsal mahallelerde \u00e7al\u0131\u015fmalar\u0131n\u0131 s\u00fcrd\u00fcr\u00fcyor"},"content":{"rendered":"<p>Bozdo\u011fan Belediyesi, k\u0131rsal mahallelerde ya\u015fam kalitesini art\u0131rmak i\u00e7in ba\u015flatt\u0131\u011f\u0131 \u00e7al\u0131\u015fmalar\u0131n\u0131 s\u00fcrd\u00fcr\u00fcyor.<\/p>\n<p>D\u00f6men Mahallesi\u2019nde belediye ekipleri taraf\u0131ndan ta\u015f d\u00f6\u015feme \u00e7al\u0131\u015fmalar\u0131 h\u0131zla devam ediyor. Belediye Ba\u015fkan\u0131 Mustafa Galip \u00d6zel\u2019in talimat\u0131yla ba\u015flat\u0131lan \u00e7al\u0131\u015fmalar sayesinde, mahalle yollar\u0131 hem daha modern bir g\u00f6r\u00fcn\u00fcme kavu\u015fuyor hem de vatanda\u015flar\u0131n g\u00fcnl\u00fck ya\u015fam\u0131n\u0131 kolayla\u015ft\u0131racak \u015fekilde d\u00fczenleniyor.<\/p>\n<p>\u00c7al\u0131\u015fmalar\u0131 yerinde incelemek \u00fczere Belediye Ba\u015fkan Yard\u0131mc\u0131s\u0131 \u0130smail \u00d6ztaban, D\u00f6men Mahallesi Muhtar\u0131 Himmet Ar\u0131kan ile birlikte sahada incelemelerde bulundu. Ekiplerden bilgi alan \u00d6ztaban, mahalle sakinlerinin uzun s\u00fcredir bekledi\u011fi hizmetlerin tek tek hayata ge\u00e7irildi\u011fini ve bu yat\u0131r\u0131mlar\u0131n Bozdo\u011fan\u2019\u0131n her mahallesine e\u015fit \u015fekilde ula\u015ft\u0131r\u0131laca\u011f\u0131n\u0131 ifade etti.<\/p>\n<p>Mahalle Muhtar\u0131 Himmet Ar\u0131kan ise yap\u0131lan hizmetin \u00f6nemine dikkat \u00e7ekerek, &#8220;Y\u0131llard\u0131r bekledi\u011fimiz hizmet ger\u00e7ekle\u015fiyor. Vatanda\u015flar\u0131m\u0131z\u0131n yollar\u0131n\u0131 yaparak tozdan ve \u00e7amurdan kurtar\u0131yoruz. Bu \u00e7al\u0131\u015fman\u0131n mahallemize b\u00fcy\u00fck katk\u0131s\u0131 olacak. Ba\u015fta Belediye Reisimiz Galip \u00d6zel olmak \u00fczere eme\u011fi ge\u00e7en herkese te\u015fekk\u00fcr ediyorum&#8221; dedi.<br \/><\/p>\n","protected":false},"excerpt":{"rendered":"<p>Bozdo\u011fan Belediyesi, k\u0131rsal mahallelerde ya\u015fam kalitesini art\u0131rmak i\u00e7in ba\u015flatt\u0131\u011f\u0131 \u00e7al\u0131\u015fmalar\u0131n\u0131 s\u00fcrd\u00fcr\u00fcyor. D\u00f6men Mahallesi\u2019nde belediye ekipleri taraf\u0131ndan ta\u015f d\u00f6\u015feme \u00e7al\u0131\u015fmalar\u0131 h\u0131zla devam ediyor. Belediye Ba\u015fkan\u0131 Mustafa Galip \u00d6zel\u2019in talimat\u0131yla ba\u015flat\u0131lan \u00e7al\u0131\u015fmalar sayesinde, mahalle yollar\u0131 hem daha modern bir g\u00f6r\u00fcn\u00fcme kavu\u015fuyor hem de vatanda\u015flar\u0131n g\u00fcnl\u00fck ya\u015fam\u0131n\u0131 kolayla\u015ft\u0131racak \u015fekilde d\u00fczenleniyor. \u00c7al\u0131\u015fmalar\u0131 yerinde incelemek \u00fczere Belediye Ba\u015fkan Yard\u0131mc\u0131s\u0131 \u0130smail&#8230;<\/p>\n","protected":false},"author":1,"featured_media":55732,"comment_status":"open","ping_status":"open","sticky":false,"template":"","format":"standard","meta":{"_crdt_document":"","footnotes":""},"categories":[1],"tags":[],"class_list":["post-55731","post","type-post","status-publish","format-standard","has-post-thumbnail","hentry","category-guncel"],"_links":{"self":[{"href":"https:\/\/www.egemtv.com\/index.php?rest_route=\/wp\/v2\/posts\/55731","targetHints":{"allow":["GET"]}}],"collection":[{"href":"https:\/\/www.egemtv.com\/index.php?rest_route=\/wp\/v2\/posts"}],"about":[{"href":"https:\/\/www.egemtv.com\/index.php?rest_route=\/wp\/v2\/types\/post"}],"author":[{"embeddable":true,"href":"https:\/\/www.egemtv.com\/index.php?rest_route=\/wp\/v2\/users\/1"}],"replies":[{"embeddable":true,"href":"https:\/\/www.egemtv.com\/index.php?rest_route=%2Fwp%2Fv2%2Fcomments&post=55731"}],"version-history":[{"count":1,"href":"https:\/\/www.egemtv.com\/index.php?rest_route=\/wp\/v2\/posts\/55731\/revisions"}],"predecessor-version":[{"id":55733,"href":"https:\/\/www.egemtv.com\/index.php?rest_route=\/wp\/v2\/posts\/55731\/revisions\/55733"}],"wp:featuredmedia":[{"embeddable":true,"href":"https:\/\/www.egemtv.com\/index.php?rest_route=\/wp\/v2\/media\/55732"}],"wp:attachment":[{"href":"https:\/\/www.egemtv.com\/index.php?rest_route=%2Fwp%2Fv2%2Fmedia&parent=55731"}],"wp:term":[{"taxonomy":"category","embeddable":true,"href":"https:\/\/www.egemtv.com\/index.php?rest_route=%2Fwp%2Fv2%2Fcategories&post=55731"},{"taxonomy":"post_tag","embeddable":true,"href":"https:\/\/www.egemtv.com\/index.php?rest_route=%2Fwp%2Fv2%2Ftags&post=55731"}],"curies":[{"name":"wp","href":"https:\/\/api.w.org\/{rel}","templated":true}]}}