{"id":55728,"date":"2025-09-18T16:56:00","date_gmt":"2025-09-18T13:56:00","guid":{"rendered":"https:\/\/www.egemtv.com\/?p=55728"},"modified":"2025-09-18T16:56:01","modified_gmt":"2025-09-18T13:56:01","slug":"muglada-240-bin-hayvan-sap-asisi-olacak","status":"publish","type":"post","link":"https:\/\/www.egemtv.com\/?p=55728","title":{"rendered":"Mu\u011fla\u2019da 240 bin hayvan \u015fap a\u015f\u0131s\u0131 olacak"},"content":{"rendered":"<p>Mu\u011fla \u0130l Tar\u0131m ve Orman M\u00fcd\u00fcrl\u00fc\u011f\u00fc, hayvanc\u0131l\u0131\u011f\u0131 tehdit eden en \u00f6nemli hastal\u0131klardan biri olan \u015fap hastal\u0131\u011f\u0131na kar\u015f\u0131 Mu\u011fla genelinde kapsaml\u0131 bir a\u015f\u0131lama kampanyas\u0131 ba\u015flatt\u0131. \u0130l M\u00fcd\u00fcr\u00fc Seyfettin Baydar, ge\u00e7ti\u011fimiz hafta pazartesi g\u00fcn\u00fc itibar\u0131yla ba\u015flayan a\u015f\u0131lama \u00e7al\u0131\u015fmalar\u0131yla 15 Ekim\u2019e kadar 240 bin hayvan\u0131n a\u015f\u0131lanmas\u0131n\u0131n hedeflendi\u011fini a\u00e7\u0131klad\u0131.<br \/>\n<br \/>&#8220;En \u00f6nemli ad\u0131m a\u015f\u0131lamad\u0131r&#8221;<br \/>\n<br \/>\u015eap hastal\u0131\u011f\u0131n\u0131n T\u00fcrkiye\u2019de yeni bir tipinin g\u00f6r\u00fclmeye ba\u015fland\u0131\u011f\u0131n\u0131 ve k\u0131sa s\u00fcrede yay\u0131ld\u0131\u011f\u0131n\u0131 belirten \u0130l M\u00fcd\u00fcr\u00fc Baydar, a\u015f\u0131lama \u00e7al\u0131\u015fmalar\u0131n\u0131n yan\u0131nda \u00fcreticilerin bilin\u00e7lendirilmesinin de b\u00fcy\u00fck \u00f6nem ta\u015f\u0131d\u0131\u011f\u0131n\u0131 vurgulad\u0131. Baydar, &#8220;\u015eap hastal\u0131\u011f\u0131yla m\u00fccadelede en \u00f6nemli ad\u0131m a\u015f\u0131lamad\u0131r. \u00dcreticilerimizin i\u015fletmelerinde bulunan t\u00fcm hayvanlar\u0131n\u0131, gebeler de dahil olmak \u00fczere mutlaka a\u015f\u0131latmalar\u0131 gerekiyor. A\u015f\u0131lama i\u00e7in ekiplerimiz i\u015fletmelere geldi\u011finde \u00fcreticilerimizin haz\u0131r bulunmalar\u0131 ve t\u00fcm hayvanlar\u0131n\u0131 a\u015f\u0131latmalar\u0131 b\u00fcy\u00fck \u00f6nem ta\u015f\u0131maktad\u0131r&#8221; dedi.<br \/>\n<br \/>\u015eap hastal\u0131\u011f\u0131 \u00e7ok bula\u015f\u0131c\u0131<br \/>\n<br \/>\u015eap hastal\u0131\u011f\u0131n\u0131n s\u0131\u011f\u0131r, manda, koyun, ke\u00e7i ve domuz gibi evcil ve yabani \u00e7ift t\u0131rnakl\u0131 hayvanlarda g\u00f6r\u00fcld\u00fc\u011f\u00fcn\u00fc belirten Baydar, hastal\u0131\u011f\u0131n bula\u015f\u0131c\u0131l\u0131\u011f\u0131n\u0131n son derece y\u00fcksek oldu\u011funu ifade etti. Vir\u00fcs\u00fcn uzun s\u00fcre \u00e7evrede canl\u0131 kalabildi\u011fini s\u00f6yleyen Baydar, &#8220;\u015eap vir\u00fcs\u00fc saman ve altl\u0131k materyalinde 20 haftaya kadar, d\u0131\u015fk\u0131da yaz aylar\u0131nda 14 g\u00fcn, idrarda 39 g\u00fcn, toprakta ise mevsime ba\u011fl\u0131 olarak 3 ila 28 g\u00fcn canl\u0131 kalabilmektedir. Bu da hastal\u0131\u011f\u0131n kontrol\u00fcn\u00fc zorla\u015ft\u0131rmaktad\u0131r&#8221; diye konu\u015ftu.<br \/>\n<br \/>Baydar, bula\u015fmada solunum, salya, idrar ve d\u0131\u015fk\u0131n\u0131n yan\u0131 s\u0131ra bula\u015f\u0131k yem, su, veteriner malzemeleri, sinekler, ku\u015flar hatta kedi ve k\u00f6peklerin bile rol oynayabildi\u011fine dikkat \u00e7ekti.<br \/>\n<br \/>Ekonomik kay\u0131plar b\u00fcy\u00fck<br \/>\n<br \/>\u015eap hastal\u0131\u011f\u0131n\u0131n yaln\u0131zca hayvan sa\u011fl\u0131\u011f\u0131n\u0131 de\u011fil, \u00fcreticilerin gelirini de olumsuz etkiledi\u011fini dile getiren Baydar, &#8220;\u015eap hastal\u0131\u011f\u0131na yakalanan hayvanlarda s\u00fct veriminde en az y\u00fczde 50 d\u00fc\u015f\u00fc\u015f, canl\u0131 a\u011f\u0131rl\u0131kta y\u00fczde 25 azalma, buza\u011f\u0131larda y\u00fczde 5 \u00f6l\u00fcm, gebelerde ise y\u00fczde 10\u2019a varan yavru atma oran\u0131 g\u00f6r\u00fclmektedir. Bu da \u00fcreticinin y\u0131ll\u0131k gelirinde yakla\u015f\u0131k y\u00fczde 10 azalmaya neden olmaktad\u0131r&#8221; ifadelerini kulland\u0131.<br \/>\n<br \/>&#8220;Yapt\u0131r a\u015f\u0131n\u0131, art\u0131r a\u015f\u0131n\u0131!&#8221;<br \/>\n<br \/>A\u015f\u0131lama \u00e7al\u0131\u015fmalar\u0131n\u0131n il genelinde aral\u0131ks\u0131z s\u00fcrd\u00fc\u011f\u00fcn\u00fc belirten \u0130l M\u00fcd\u00fcr\u00fc Baydar, &#8220;\u00dcreticilerimizin deste\u011fiyle hedefimize ula\u015faca\u011f\u0131m\u0131za inan\u0131yoruz. Hem hayvanlar\u0131m\u0131z\u0131n sa\u011fl\u0131\u011f\u0131 hem de \u00fcreticimizin ekonomik kay\u0131plar\u0131n\u0131 \u00f6nlemek i\u00e7in a\u015f\u0131lama ve biyog\u00fcvenlik kurallar\u0131 hayati \u00f6nem ta\u015f\u0131maktad\u0131r&#8221; dedi.<br \/><\/p>\n","protected":false},"excerpt":{"rendered":"<p>Mu\u011fla \u0130l Tar\u0131m ve Orman M\u00fcd\u00fcrl\u00fc\u011f\u00fc, hayvanc\u0131l\u0131\u011f\u0131 tehdit eden en \u00f6nemli hastal\u0131klardan biri olan \u015fap hastal\u0131\u011f\u0131na kar\u015f\u0131 Mu\u011fla genelinde kapsaml\u0131 bir a\u015f\u0131lama kampanyas\u0131 ba\u015flatt\u0131. \u0130l M\u00fcd\u00fcr\u00fc Seyfettin Baydar, ge\u00e7ti\u011fimiz hafta pazartesi g\u00fcn\u00fc itibar\u0131yla ba\u015flayan a\u015f\u0131lama \u00e7al\u0131\u015fmalar\u0131yla 15 Ekim\u2019e kadar 240 bin hayvan\u0131n a\u015f\u0131lanmas\u0131n\u0131n hedeflendi\u011fini a\u00e7\u0131klad\u0131. &#8220;En \u00f6nemli ad\u0131m a\u015f\u0131lamad\u0131r&#8221; \u015eap hastal\u0131\u011f\u0131n\u0131n T\u00fcrkiye\u2019de yeni bir tipinin&#8230;<\/p>\n","protected":false},"author":1,"featured_media":55729,"comment_status":"open","ping_status":"open","sticky":false,"template":"","format":"standard","meta":{"_crdt_document":"","footnotes":""},"categories":[2],"tags":[],"class_list":["post-55728","post","type-post","status-publish","format-standard","has-post-thumbnail","hentry","category-saglik"],"_links":{"self":[{"href":"https:\/\/www.egemtv.com\/index.php?rest_route=\/wp\/v2\/posts\/55728","targetHints":{"allow":["GET"]}}],"collection":[{"href":"https:\/\/www.egemtv.com\/index.php?rest_route=\/wp\/v2\/posts"}],"about":[{"href":"https:\/\/www.egemtv.com\/index.php?rest_route=\/wp\/v2\/types\/post"}],"author":[{"embeddable":true,"href":"https:\/\/www.egemtv.com\/index.php?rest_route=\/wp\/v2\/users\/1"}],"replies":[{"embeddable":true,"href":"https:\/\/www.egemtv.com\/index.php?rest_route=%2Fwp%2Fv2%2Fcomments&post=55728"}],"version-history":[{"count":1,"href":"https:\/\/www.egemtv.com\/index.php?rest_route=\/wp\/v2\/posts\/55728\/revisions"}],"predecessor-version":[{"id":55730,"href":"https:\/\/www.egemtv.com\/index.php?rest_route=\/wp\/v2\/posts\/55728\/revisions\/55730"}],"wp:featuredmedia":[{"embeddable":true,"href":"https:\/\/www.egemtv.com\/index.php?rest_route=\/wp\/v2\/media\/55729"}],"wp:attachment":[{"href":"https:\/\/www.egemtv.com\/index.php?rest_route=%2Fwp%2Fv2%2Fmedia&parent=55728"}],"wp:term":[{"taxonomy":"category","embeddable":true,"href":"https:\/\/www.egemtv.com\/index.php?rest_route=%2Fwp%2Fv2%2Fcategories&post=55728"},{"taxonomy":"post_tag","embeddable":true,"href":"https:\/\/www.egemtv.com\/index.php?rest_route=%2Fwp%2Fv2%2Ftags&post=55728"}],"curies":[{"name":"wp","href":"https:\/\/api.w.org\/{rel}","templated":true}]}}