{"id":55725,"date":"2025-09-18T16:55:59","date_gmt":"2025-09-18T13:55:59","guid":{"rendered":"https:\/\/www.egemtv.com\/?p=55725"},"modified":"2025-09-18T16:56:00","modified_gmt":"2025-09-18T13:56:00","slug":"nazilli-belediyesinin-mobil-masal-bahcesi-cocuklarin-hizmetine-girdi","status":"publish","type":"post","link":"https:\/\/www.egemtv.com\/?p=55725","title":{"rendered":"Nazilli Belediyesi\u2019nin \u2018Mobil Masal Bah\u00e7esi\u2019 \u00e7ocuklar\u0131n hizmetine girdi"},"content":{"rendered":"<p>Ayd\u0131n\u2019\u0131n Nazilli il\u00e7esinde belediye taraf\u0131ndan at\u0131l durumdan kurtar\u0131lan otob\u00fcs \u00e7ocuklar\u0131n masal bah\u00e7esine d\u00f6n\u00fc\u015ft\u00fc. Mobil Masal Bah\u00e7esi, il\u00e7enin en \u00fccra mahallelerine de giderek modern donan\u0131m\u0131 ile \u00e7ocuklara oyun bah\u00e7esi olman\u0131n yan\u0131s\u0131ra sosyal ve bedensel geli\u015fimlerine de katk\u0131 sunacak.<\/p>\n<p>Nazilli Belediye Ba\u015fkan\u0131 Ertu\u011frul Tetik taraf\u0131ndan tan\u0131t\u0131m\u0131 yap\u0131lan ve k\u0131rsal mahallelerdeki \u00e7ocuklara \u00f6zel haz\u0131rlanan projenin 140 bin TL\u2019ye mal oldu\u011fu ifade edildi. &#8220;Sevgiyle b\u00fcy\u00fcyen minik kalpler i\u00e7in yola \u00e7\u0131kt\u0131k&#8221; diyen Belediye Ba\u015fkan\u0131 Ertu\u011frul Tetik, at\u0131l haldeki belediye hizmet otob\u00fcs\u00fcn\u00fcn yeniden hayata d\u00f6nd\u00fcr\u00fclerek \u00e7ocuklar i\u00e7in haz\u0131rland\u0131\u011f\u0131n\u0131 ifade ederek, &#8220;Belediyemize ait at\u0131l durumdaki bir otob\u00fcs\u00fcn yeniden tasarlanarak gezici oyun park\u0131na d\u00f6n\u00fc\u015ft\u00fcr\u00fclmesini sa\u011flad\u0131k. Bu otob\u00fcs bundan b\u00f6yle k\u0131rsal mahallerimizde hayatlar\u0131nda hi\u00e7 sinemaya ya da oyun park\u0131na gitmemi\u015f \u00e7ocuklar\u0131m\u0131za hizmet edecek. Belediyemizce yeniden hayat bulan ve 140 bin TL\u2019ye mal olan bu otob\u00fcs bundan b\u00f6yle onlar i\u00e7in masal bah\u00e7esi oldu&#8221; dedi.<\/p>\n<p>&#8220;Hem \u00e7ocuklar oynayacak hem de sa\u011fl\u0131k taramas\u0131 yap\u0131lacak&#8221;<br \/>\n<br \/>Ba\u015fkan Tetik: &#8220;Sosyal belediyecili\u011fin yan\u0131 s\u0131ra en az parayla en \u00e7ok hizmeti \u00fcretmeyi hedefliyoruz. Mobil Masal Bah\u00e7esi sadece oyun arac\u0131 de\u011fil. Otob\u00fcs, k\u0131rsal mahalleleri s\u00fcrekli dola\u015facak. \u0130\u00e7inde sa\u011fl\u0131k ekibimizden bir personel bulunacak. \u00c7ocuklar oyun oynarken, sa\u011fl\u0131k g\u00f6revlimiz de k\u00f6ydeki sa\u011fl\u0131k sorunlar\u0131yla ilgilenecek. Yani bu otob\u00fcs ayn\u0131 anda iki farkl\u0131 amaca hizmet edecek&#8221; dedi.<\/p>\n<p>Ba\u015fkan Tetik son olarak projenin hayata ge\u00e7irilmesinde eme\u011fi ge\u00e7enlere te\u015fekk\u00fcr etti.<br \/><\/p>\n","protected":false},"excerpt":{"rendered":"<p>Ayd\u0131n\u2019\u0131n Nazilli il\u00e7esinde belediye taraf\u0131ndan at\u0131l durumdan kurtar\u0131lan otob\u00fcs \u00e7ocuklar\u0131n masal bah\u00e7esine d\u00f6n\u00fc\u015ft\u00fc. Mobil Masal Bah\u00e7esi, il\u00e7enin en \u00fccra mahallelerine de giderek modern donan\u0131m\u0131 ile \u00e7ocuklara oyun bah\u00e7esi olman\u0131n yan\u0131s\u0131ra sosyal ve bedensel geli\u015fimlerine de katk\u0131 sunacak. Nazilli Belediye Ba\u015fkan\u0131 Ertu\u011frul Tetik taraf\u0131ndan tan\u0131t\u0131m\u0131 yap\u0131lan ve k\u0131rsal mahallelerdeki \u00e7ocuklara \u00f6zel haz\u0131rlanan projenin 140 bin TL\u2019ye&#8230;<\/p>\n","protected":false},"author":1,"featured_media":55726,"comment_status":"open","ping_status":"open","sticky":false,"template":"","format":"standard","meta":{"_crdt_document":"","footnotes":""},"categories":[1],"tags":[],"class_list":["post-55725","post","type-post","status-publish","format-standard","has-post-thumbnail","hentry","category-guncel"],"_links":{"self":[{"href":"https:\/\/www.egemtv.com\/index.php?rest_route=\/wp\/v2\/posts\/55725","targetHints":{"allow":["GET"]}}],"collection":[{"href":"https:\/\/www.egemtv.com\/index.php?rest_route=\/wp\/v2\/posts"}],"about":[{"href":"https:\/\/www.egemtv.com\/index.php?rest_route=\/wp\/v2\/types\/post"}],"author":[{"embeddable":true,"href":"https:\/\/www.egemtv.com\/index.php?rest_route=\/wp\/v2\/users\/1"}],"replies":[{"embeddable":true,"href":"https:\/\/www.egemtv.com\/index.php?rest_route=%2Fwp%2Fv2%2Fcomments&post=55725"}],"version-history":[{"count":1,"href":"https:\/\/www.egemtv.com\/index.php?rest_route=\/wp\/v2\/posts\/55725\/revisions"}],"predecessor-version":[{"id":55727,"href":"https:\/\/www.egemtv.com\/index.php?rest_route=\/wp\/v2\/posts\/55725\/revisions\/55727"}],"wp:featuredmedia":[{"embeddable":true,"href":"https:\/\/www.egemtv.com\/index.php?rest_route=\/wp\/v2\/media\/55726"}],"wp:attachment":[{"href":"https:\/\/www.egemtv.com\/index.php?rest_route=%2Fwp%2Fv2%2Fmedia&parent=55725"}],"wp:term":[{"taxonomy":"category","embeddable":true,"href":"https:\/\/www.egemtv.com\/index.php?rest_route=%2Fwp%2Fv2%2Fcategories&post=55725"},{"taxonomy":"post_tag","embeddable":true,"href":"https:\/\/www.egemtv.com\/index.php?rest_route=%2Fwp%2Fv2%2Ftags&post=55725"}],"curies":[{"name":"wp","href":"https:\/\/api.w.org\/{rel}","templated":true}]}}