{"id":55722,"date":"2025-09-18T16:55:57","date_gmt":"2025-09-18T13:55:57","guid":{"rendered":"https:\/\/www.egemtv.com\/?p=55722"},"modified":"2025-09-18T16:55:58","modified_gmt":"2025-09-18T13:55:58","slug":"deprem-riski-nedeniyle-mudurluk-binasi-tahliye-edildi","status":"publish","type":"post","link":"https:\/\/www.egemtv.com\/?p=55722","title":{"rendered":"Deprem riski nedeniyle m\u00fcd\u00fcrl\u00fck binas\u0131 tahliye edildi"},"content":{"rendered":"<p>Ayd\u0131n \u0130l Gen\u00e7lik ve Spor M\u00fcd\u00fcrl\u00fc\u011f\u00fc binas\u0131 depreme dayan\u0131ks\u0131z oldu\u011fu i\u00e7in m\u00fcd\u00fcrl\u00fck, Zafer Mahallesi\u2019ne ta\u015f\u0131nd\u0131.<\/p>\n<p>Ayd\u0131n \u0130l Gen\u00e7lik ve Spor M\u00fcd\u00fcrl\u00fc\u011f\u00fc, Hasanefendi-Ramazanpa\u015fa Mahallesi Bat\u0131 Gazi Bulvar\u0131 \u00fczerindeki hizmet binas\u0131nda vatanda\u015flara uzun y\u0131llardan beri hizmet veriyor. Depreme dayan\u0131ks\u0131z oldu\u011fu belirlenen m\u00fcd\u00fcrl\u00fck binas\u0131 bo\u015falt\u0131ld\u0131. Ayd\u0131n \u0130l Gen\u00e7lik ve Spor M\u00fcd\u00fcrl\u00fc\u011f\u00fc, Zafer Mahallesi 123 sokakta bulunan bir binaya ta\u015f\u0131nd\u0131. \u00dcniversite b\u00f6lgesine yak\u0131n bulunan M\u00fcd\u00fcrl\u00fck, yeni yerinde vatanda\u015flara hizmet vermeye ba\u015flad\u0131.<br \/><\/p>\n","protected":false},"excerpt":{"rendered":"<p>Ayd\u0131n \u0130l Gen\u00e7lik ve Spor M\u00fcd\u00fcrl\u00fc\u011f\u00fc binas\u0131 depreme dayan\u0131ks\u0131z oldu\u011fu i\u00e7in m\u00fcd\u00fcrl\u00fck, Zafer Mahallesi\u2019ne ta\u015f\u0131nd\u0131. Ayd\u0131n \u0130l Gen\u00e7lik ve Spor M\u00fcd\u00fcrl\u00fc\u011f\u00fc, Hasanefendi-Ramazanpa\u015fa Mahallesi Bat\u0131 Gazi Bulvar\u0131 \u00fczerindeki hizmet binas\u0131nda vatanda\u015flara uzun y\u0131llardan beri hizmet veriyor. Depreme dayan\u0131ks\u0131z oldu\u011fu belirlenen m\u00fcd\u00fcrl\u00fck binas\u0131 bo\u015falt\u0131ld\u0131. Ayd\u0131n \u0130l Gen\u00e7lik ve Spor M\u00fcd\u00fcrl\u00fc\u011f\u00fc, Zafer Mahallesi 123 sokakta bulunan bir binaya&#8230;<\/p>\n","protected":false},"author":1,"featured_media":55723,"comment_status":"open","ping_status":"open","sticky":false,"template":"","format":"standard","meta":{"_crdt_document":"","footnotes":""},"categories":[1],"tags":[],"class_list":["post-55722","post","type-post","status-publish","format-standard","has-post-thumbnail","hentry","category-guncel"],"_links":{"self":[{"href":"https:\/\/www.egemtv.com\/index.php?rest_route=\/wp\/v2\/posts\/55722","targetHints":{"allow":["GET"]}}],"collection":[{"href":"https:\/\/www.egemtv.com\/index.php?rest_route=\/wp\/v2\/posts"}],"about":[{"href":"https:\/\/www.egemtv.com\/index.php?rest_route=\/wp\/v2\/types\/post"}],"author":[{"embeddable":true,"href":"https:\/\/www.egemtv.com\/index.php?rest_route=\/wp\/v2\/users\/1"}],"replies":[{"embeddable":true,"href":"https:\/\/www.egemtv.com\/index.php?rest_route=%2Fwp%2Fv2%2Fcomments&post=55722"}],"version-history":[{"count":1,"href":"https:\/\/www.egemtv.com\/index.php?rest_route=\/wp\/v2\/posts\/55722\/revisions"}],"predecessor-version":[{"id":55724,"href":"https:\/\/www.egemtv.com\/index.php?rest_route=\/wp\/v2\/posts\/55722\/revisions\/55724"}],"wp:featuredmedia":[{"embeddable":true,"href":"https:\/\/www.egemtv.com\/index.php?rest_route=\/wp\/v2\/media\/55723"}],"wp:attachment":[{"href":"https:\/\/www.egemtv.com\/index.php?rest_route=%2Fwp%2Fv2%2Fmedia&parent=55722"}],"wp:term":[{"taxonomy":"category","embeddable":true,"href":"https:\/\/www.egemtv.com\/index.php?rest_route=%2Fwp%2Fv2%2Fcategories&post=55722"},{"taxonomy":"post_tag","embeddable":true,"href":"https:\/\/www.egemtv.com\/index.php?rest_route=%2Fwp%2Fv2%2Ftags&post=55722"}],"curies":[{"name":"wp","href":"https:\/\/api.w.org\/{rel}","templated":true}]}}