{"id":55719,"date":"2025-09-18T16:34:59","date_gmt":"2025-09-18T13:34:59","guid":{"rendered":"https:\/\/www.egemtv.com\/?p=55719"},"modified":"2025-09-18T16:35:00","modified_gmt":"2025-09-18T13:35:00","slug":"bucada-cop-yangini-30-milyon-lira-zarar","status":"publish","type":"post","link":"https:\/\/www.egemtv.com\/?p=55719","title":{"rendered":"Buca\u2019da \u00e7\u00f6p yang\u0131n\u0131: 30 milyon lira zarar"},"content":{"rendered":"<p>\u0130zmir\u2019in Buca il\u00e7esinde mobilya at\u0131klar\u0131n\u0131n bulundu\u011fu \u00e7\u00f6pl\u00fck alanda \u00e7\u0131kan yang\u0131nda bir i\u015f yeri tamamen kullan\u0131lamaz hale geldi. Toplam zarar\u0131n\u0131n yakla\u015f\u0131k 30 milyon lira oldu\u011funu s\u00f6yleyen i\u015fletme sahibi Fatih T\u00fcrker, &#8220;Belediye \u00e7al\u0131\u015fanlar\u0131n grev ve protestolar\u0131 nedeniyle \u00e7\u00f6pler toplanmad\u0131. \u00c7\u00f6plerin toplanmamas\u0131 sonucu \u00e7\u0131kan yang\u0131n\u0131n b\u00fct\u00fcn zarar\u0131 sadece bize kald\u0131. Bu olay\u0131n tek sorumlusu Buca Belediyesi&#8221; dedi.<br \/>\n<br \/>Buca il\u00e7esi Seyhan Mahallesi\u2019ndeki sanayi sitesinde, gece saat 02.00 s\u0131ralar\u0131nda mobilya at\u0131klar\u0131n\u0131n bulundu\u011fu alanda yang\u0131n \u00e7\u0131kt\u0131. S\u00fcnger, kuma\u015f ve suntadan olu\u015fan at\u0131k y\u0131\u011f\u0131n\u0131nda hen\u00fcz belirlenemeyen bir nedenle ba\u015flayan yang\u0131n, k\u0131sa s\u00fcrede b\u00fcy\u00fcyerek \u00e7evredeki mobilya yedek par\u00e7alar\u0131n\u0131n bulundu\u011fu bir i\u015f yerine s\u0131\u00e7rad\u0131. Yang\u0131n\u0131 fark eden vatanda\u015flar\u0131n ihbar\u0131 \u00fczerine olay yerine \u00e7ok say\u0131da itfaiye ve polis ekibi sevk edildi. \u0130tfaiye ekiplerince yang\u0131n, saatler sonra kontrol alt\u0131na al\u0131narak s\u00f6nd\u00fcr\u00fcld\u00fc. \u00c7\u0131kan yang\u0131nda can kayb\u0131 ya da yaralanma ya\u015fanmazken, alevlerin s\u0131\u00e7rad\u0131\u011f\u0131 i\u015f yeri tamamen yanarak kullan\u0131lamaz hale geldi. \u00d6te yandan yang\u0131n\u0131n \u00e7\u0131k\u0131\u015f nedeni ile ilgili inceleme ba\u015flat\u0131ld\u0131\u011f\u0131 \u00f6\u011frenildi.<\/p>\n<p>&#8220;Grevin bedelini biz \u00f6dedik, bu olay\u0131n tek sorumlusu Buca Belediyesi&#8221;<br \/>\n<br \/>\u00c7\u00f6pl\u00fck alandan ba\u015flayan yang\u0131ndan dolay\u0131 i\u015f yerinin kullan\u0131lmaz hale geldi\u011fini aktaran Fatih T\u00fcrker (39), &#8220;D\u00fckkan\u0131m\u0131z, mekan\u0131m\u0131z yand\u0131. Benim g\u00f6r\u00fc\u015f\u00fcmce, bu olay\u0131n tek sorumlusu Buca Belediyesi. \u00d6nceden buras\u0131 otoparkt\u0131. Yakla\u015f\u0131k 5-6 ayd\u0131r otopark uygulamas\u0131 kald\u0131r\u0131ld\u0131. O zamandan beri insanlar, esnaf \u00e7\u00f6p\u00fcn\u00fc, molozunu, her \u015feyini buraya d\u00f6k\u00fcyor. D\u00fckkan\u0131m\u0131zda tahminen 30-35 milyon liral\u0131k bir zarar olu\u015ftu. \u0130\u00e7eride bir s\u00fcr\u00fc hammadde vard\u0131. Mobilyac\u0131lara verdi\u011fimiz raylar, mente\u015feler, ambalaj malzemeleri hepsi yand\u0131. Buca Belediyesi\u2019ne biz her g\u00fcn 50-60 sefer yaz\u0131yoruz, ar\u0131yoruz. \u2019Gelece\u011fiz\u2019 diyorlar ama ilgilenmiyorlar. Belediye zaten \u00e7al\u0131\u015fm\u0131yor, \u00e7\u00f6pleri toplam\u0131yor. Biz kime gidece\u011fiz, derdimizi kime anlataca\u011f\u0131z, s\u0131k\u0131nt\u0131m\u0131z\u0131 kime s\u00f6yleyece\u011fiz bilemiyoruz. Bu s\u00fcre\u00e7te \u00e7ok ma\u011fdur olduk. Belediye \u00e7al\u0131\u015fanlar\u0131n grev ve protestolar\u0131 nedeniyle \u00e7\u00f6pler toplanmad\u0131. \u00c7\u00f6plerin toplanmamas\u0131 sonucu \u00e7\u0131kan yang\u0131n\u0131n b\u00fct\u00fcn zarar\u0131 sadece bize kald\u0131. Sokaklardaki t\u00fcm ihmalin bedelini \u015fu an sadece biz \u00f6d\u00fcyoruz&#8221; ifadelerini kulland\u0131.<\/p>\n<p>&#8220;Yanarsa Allah korusun, gider buras\u0131&#8221;<br \/>\n<br \/>\u00c7\u0131kan yang\u0131nda i\u015f yerinin \u00e7at\u0131s\u0131ndaki ofisinin yand\u0131\u011f\u0131n\u0131 kaydeden Ahmetcan \u00c7ak\u0131n (30), &#8220;Buca Belediyesi\u2019nin \u00e7\u00f6pleri toplamamas\u0131ndan dolay\u0131 \u00e7\u0131kan yang\u0131n, gece sabaha kar\u015f\u0131 buradan bu tarafa do\u011fru s\u0131\u00e7rayarak t\u00fcm yaz\u0131haneleri, ofisleri, makineleri tamamen yakt\u0131. B\u00fct\u00fcn esnaf zaten hem B\u00fcy\u00fck\u015fehir Belediyesi\u2019ne hem de Buca Belediyesi\u2019ne \u015fikayette bulunuyordu. Grevde olduklar\u0131 i\u00e7in \u00e7\u00f6pleri toplam\u0131yorlard\u0131. Zaten oras\u0131 tam bir hastal\u0131k yuvas\u0131yd\u0131. Biz daha \u00f6nce uyard\u0131k, \u2019Yanarsa Allah korusun, gider buras\u0131\u2019 dedik. Nitekim yan taraf gitti zaten. Elektri\u011fin ana hattan gelen kablolar\u0131 yand\u0131. Bu kompres\u00f6r makinesi yansa ya da patlasa, bug\u00fcnk\u00fc de\u011feri 150 bin lira. Zarar\u0131m\u0131z bu y\u00fczden \u00e7ok b\u00fcy\u00fck. \u0130\u015fimiz aksad\u0131, sipari\u015fler bekliyor, a\u015fa\u011f\u0131da makineler \u00e7al\u0131\u015fam\u0131yor \u00e7\u00fcnk\u00fc elektrik yok. Zaten bu \u00e7\u00f6pler mobilya at\u0131\u011f\u0131yd\u0131. Elyaf\u0131, s\u00fcngeri, d\u00f6\u015femesi, MDF\u2019si vard\u0131. Yani bir sigara izmariti bile bu at\u0131klar\u0131 tutu\u015fturmaya yeterdi. Yang\u0131n\u0131n bu \u015fekilde harlay\u0131p buraya s\u0131\u00e7ramas\u0131n\u0131n sebebi bu pislikti. Bu \u00e7\u00f6plerden dolay\u0131 yang\u0131n zaten bekleniyordu. Ufak bir k\u0131v\u0131lc\u0131m bile yeterliydi bu \u00e7\u00f6p y\u0131\u011f\u0131n\u0131n\u0131 yakmak i\u00e7in&#8221; diye ekledi.<br \/><\/p>\n","protected":false},"excerpt":{"rendered":"<p>\u0130zmir\u2019in Buca il\u00e7esinde mobilya at\u0131klar\u0131n\u0131n bulundu\u011fu \u00e7\u00f6pl\u00fck alanda \u00e7\u0131kan yang\u0131nda bir i\u015f yeri tamamen kullan\u0131lamaz hale geldi. Toplam zarar\u0131n\u0131n yakla\u015f\u0131k 30 milyon lira oldu\u011funu s\u00f6yleyen i\u015fletme sahibi Fatih T\u00fcrker, &#8220;Belediye \u00e7al\u0131\u015fanlar\u0131n grev ve protestolar\u0131 nedeniyle \u00e7\u00f6pler toplanmad\u0131. \u00c7\u00f6plerin toplanmamas\u0131 sonucu \u00e7\u0131kan yang\u0131n\u0131n b\u00fct\u00fcn zarar\u0131 sadece bize kald\u0131. Bu olay\u0131n tek sorumlusu Buca Belediyesi&#8221; dedi. Buca&#8230;<\/p>\n","protected":false},"author":1,"featured_media":55720,"comment_status":"open","ping_status":"open","sticky":false,"template":"","format":"standard","meta":{"_crdt_document":"","footnotes":""},"categories":[5],"tags":[],"class_list":["post-55719","post","type-post","status-publish","format-standard","has-post-thumbnail","hentry","category-asayis"],"_links":{"self":[{"href":"https:\/\/www.egemtv.com\/index.php?rest_route=\/wp\/v2\/posts\/55719","targetHints":{"allow":["GET"]}}],"collection":[{"href":"https:\/\/www.egemtv.com\/index.php?rest_route=\/wp\/v2\/posts"}],"about":[{"href":"https:\/\/www.egemtv.com\/index.php?rest_route=\/wp\/v2\/types\/post"}],"author":[{"embeddable":true,"href":"https:\/\/www.egemtv.com\/index.php?rest_route=\/wp\/v2\/users\/1"}],"replies":[{"embeddable":true,"href":"https:\/\/www.egemtv.com\/index.php?rest_route=%2Fwp%2Fv2%2Fcomments&post=55719"}],"version-history":[{"count":1,"href":"https:\/\/www.egemtv.com\/index.php?rest_route=\/wp\/v2\/posts\/55719\/revisions"}],"predecessor-version":[{"id":55721,"href":"https:\/\/www.egemtv.com\/index.php?rest_route=\/wp\/v2\/posts\/55719\/revisions\/55721"}],"wp:featuredmedia":[{"embeddable":true,"href":"https:\/\/www.egemtv.com\/index.php?rest_route=\/wp\/v2\/media\/55720"}],"wp:attachment":[{"href":"https:\/\/www.egemtv.com\/index.php?rest_route=%2Fwp%2Fv2%2Fmedia&parent=55719"}],"wp:term":[{"taxonomy":"category","embeddable":true,"href":"https:\/\/www.egemtv.com\/index.php?rest_route=%2Fwp%2Fv2%2Fcategories&post=55719"},{"taxonomy":"post_tag","embeddable":true,"href":"https:\/\/www.egemtv.com\/index.php?rest_route=%2Fwp%2Fv2%2Ftags&post=55719"}],"curies":[{"name":"wp","href":"https:\/\/api.w.org\/{rel}","templated":true}]}}