{"id":55716,"date":"2025-09-18T16:34:58","date_gmt":"2025-09-18T13:34:58","guid":{"rendered":"https:\/\/www.egemtv.com\/?p=55716"},"modified":"2025-09-18T16:34:59","modified_gmt":"2025-09-18T13:34:59","slug":"susamda-hasat-zamani-yaklasiyor","status":"publish","type":"post","link":"https:\/\/www.egemtv.com\/?p=55716","title":{"rendered":"Susamda hasat zaman\u0131 yakla\u015f\u0131yor"},"content":{"rendered":"<p>Ayd\u0131n\u2019\u0131n S\u00f6ke il\u00e7esinde kural\u0131k sebebiyle alternatif \u00fcr\u00fcn olarak ekilen susamda hasat zaman\u0131 yakla\u015f\u0131rken, kontrolleri yap\u0131lan 80 dekarl\u0131k alandan yakla\u015f\u0131k 3 bin 200 kilo verim bekleniyor.<\/p>\n<p>A\u011fa\u00e7l\u0131 Mahallesi Ovac\u0131k mevkiinde ekimi yap\u0131lan yakla\u015f\u0131k 80 dekar alandaki susam\u0131n hasat olgunlu\u011fu yerinde kontrol edildi. S\u00f6ke \u0130l\u00e7e Tar\u0131m ve Orman M\u00fcd\u00fcrl\u00fc\u011f\u00fc ekiplerinin yapt\u0131\u011f\u0131 incelemelerde, kuru arazide alternatif \u00fcr\u00fcn olarak yeti\u015ftirilen susamdan yakla\u015f\u0131k 3 bin 200 kilogram verim al\u0131nmas\u0131n\u0131n beklendi\u011fi belirtildi. \u0130l\u00e7e Tar\u0131m ve Orman M\u00fcd\u00fcrl\u00fc\u011f\u00fc yetkilileri, susam\u0131n alternatif \u00fcr\u00fcn olarak b\u00f6lgede \u00f6nem kazand\u0131\u011f\u0131n\u0131 vurgularken, \u00fcreticilerin do\u011fru y\u00f6ntemlerle daha y\u00fcksek verim elde edebilece\u011fine dikkat \u00e7ekti.<\/p>\n<p>Yap\u0131lan a\u00e7\u0131klamada &#8220;\u0130l\u00e7emiz A\u011fa\u00e7l\u0131 Mahallesi Ovac\u0131k mevkiinde yakla\u015f\u0131k 80 dekar alanda ekilen susam\u0131n hasat olgunlu\u011fu yerinde kontrol edildi. Alternatif olarak kuru araziye ekilen \u00fcr\u00fcnden 3 bin 200 kilogram \u00fcr\u00fcn elde edilmesi beklenmektedir&#8221; ifadeleri yer ald\u0131.<br \/><\/p>\n","protected":false},"excerpt":{"rendered":"<p>Ayd\u0131n\u2019\u0131n S\u00f6ke il\u00e7esinde kural\u0131k sebebiyle alternatif \u00fcr\u00fcn olarak ekilen susamda hasat zaman\u0131 yakla\u015f\u0131rken, kontrolleri yap\u0131lan 80 dekarl\u0131k alandan yakla\u015f\u0131k 3 bin 200 kilo verim bekleniyor. A\u011fa\u00e7l\u0131 Mahallesi Ovac\u0131k mevkiinde ekimi yap\u0131lan yakla\u015f\u0131k 80 dekar alandaki susam\u0131n hasat olgunlu\u011fu yerinde kontrol edildi. S\u00f6ke \u0130l\u00e7e Tar\u0131m ve Orman M\u00fcd\u00fcrl\u00fc\u011f\u00fc ekiplerinin yapt\u0131\u011f\u0131 incelemelerde, kuru arazide alternatif \u00fcr\u00fcn olarak&#8230;<\/p>\n","protected":false},"author":1,"featured_media":55717,"comment_status":"open","ping_status":"open","sticky":false,"template":"","format":"standard","meta":{"_crdt_document":"","footnotes":""},"categories":[1],"tags":[],"class_list":["post-55716","post","type-post","status-publish","format-standard","has-post-thumbnail","hentry","category-guncel"],"_links":{"self":[{"href":"https:\/\/www.egemtv.com\/index.php?rest_route=\/wp\/v2\/posts\/55716","targetHints":{"allow":["GET"]}}],"collection":[{"href":"https:\/\/www.egemtv.com\/index.php?rest_route=\/wp\/v2\/posts"}],"about":[{"href":"https:\/\/www.egemtv.com\/index.php?rest_route=\/wp\/v2\/types\/post"}],"author":[{"embeddable":true,"href":"https:\/\/www.egemtv.com\/index.php?rest_route=\/wp\/v2\/users\/1"}],"replies":[{"embeddable":true,"href":"https:\/\/www.egemtv.com\/index.php?rest_route=%2Fwp%2Fv2%2Fcomments&post=55716"}],"version-history":[{"count":1,"href":"https:\/\/www.egemtv.com\/index.php?rest_route=\/wp\/v2\/posts\/55716\/revisions"}],"predecessor-version":[{"id":55718,"href":"https:\/\/www.egemtv.com\/index.php?rest_route=\/wp\/v2\/posts\/55716\/revisions\/55718"}],"wp:featuredmedia":[{"embeddable":true,"href":"https:\/\/www.egemtv.com\/index.php?rest_route=\/wp\/v2\/media\/55717"}],"wp:attachment":[{"href":"https:\/\/www.egemtv.com\/index.php?rest_route=%2Fwp%2Fv2%2Fmedia&parent=55716"}],"wp:term":[{"taxonomy":"category","embeddable":true,"href":"https:\/\/www.egemtv.com\/index.php?rest_route=%2Fwp%2Fv2%2Fcategories&post=55716"},{"taxonomy":"post_tag","embeddable":true,"href":"https:\/\/www.egemtv.com\/index.php?rest_route=%2Fwp%2Fv2%2Ftags&post=55716"}],"curies":[{"name":"wp","href":"https:\/\/api.w.org\/{rel}","templated":true}]}}