{"id":55710,"date":"2025-09-18T16:34:55","date_gmt":"2025-09-18T13:34:55","guid":{"rendered":"https:\/\/www.egemtv.com\/?p=55710"},"modified":"2025-09-18T16:34:57","modified_gmt":"2025-09-18T13:34:57","slug":"salihli-jandarmasi-torbacilari-kiskivrak-yakaladi","status":"publish","type":"post","link":"https:\/\/www.egemtv.com\/?p=55710","title":{"rendered":"Salihli Jandarmas\u0131 torbac\u0131lar\u0131 k\u0131sk\u0131vrak yakalad\u0131"},"content":{"rendered":"<p>Manisa\u2019n\u0131n Salihli il\u00e7esinde jandarma ekipleri taraf\u0131ndan \u2019Torbac\u0131\u2019 olarak tabir edilen uyu\u015fturucu sat\u0131c\u0131lar\u0131na y\u00f6nelik d\u00fczenlenen operasyonda kubar esrar, u\u00e7 bonzai ve sentetik uyu\u015fturucu hap ele ge\u00e7irildi.<br \/>\n<br \/>Uyu\u015fturucu madde ticareti yapan \u015fah\u0131slara y\u00f6nelik \u00e7al\u0131\u015fmalar\u0131na devam eden Manisa \u0130l Jandarma Komutanl\u0131\u011f\u0131na ba\u011fl\u0131 Salihli \u0130l\u00e7e Jandarma Komutanl\u0131\u011f\u0131 ekipleri, Hac\u0131bekta\u015fl\u0131, Sart ve Cafer Mahallesi\u2019nde torbac\u0131 olarak tabir edilen zehir tacirlerine y\u00f6nelik operasyon ger\u00e7ekle\u015ftirdi. Operasyonda B.\u0130. (25), B.U. (30), \u00d6.Y. (23) ve A.\u00d6.\u2019n\u00fcn (30) yap\u0131lan \u00fcst aramas\u0131nda 27 gram kubar esrar, 30 i\u00e7imlik u\u00e7 bonzai, 1 adet i\u00e7ime haz\u0131r esrar ve 11 adet uyu\u015fturucu hap, uyu\u015fturucu kullanma aparat\u0131 ele ge\u00e7irildi.<br \/>\n<br \/>\u015e\u00fcpheliler hakk\u0131nda adli i\u015flem ba\u015flat\u0131ld\u0131\u011f\u0131 \u00f6\u011frenildi.<br \/><\/p>\n","protected":false},"excerpt":{"rendered":"<p>Manisa\u2019n\u0131n Salihli il\u00e7esinde jandarma ekipleri taraf\u0131ndan \u2019Torbac\u0131\u2019 olarak tabir edilen uyu\u015fturucu sat\u0131c\u0131lar\u0131na y\u00f6nelik d\u00fczenlenen operasyonda kubar esrar, u\u00e7 bonzai ve sentetik uyu\u015fturucu hap ele ge\u00e7irildi. Uyu\u015fturucu madde ticareti yapan \u015fah\u0131slara y\u00f6nelik \u00e7al\u0131\u015fmalar\u0131na devam eden Manisa \u0130l Jandarma Komutanl\u0131\u011f\u0131na ba\u011fl\u0131 Salihli \u0130l\u00e7e Jandarma Komutanl\u0131\u011f\u0131 ekipleri, Hac\u0131bekta\u015fl\u0131, Sart ve Cafer Mahallesi\u2019nde torbac\u0131 olarak tabir edilen zehir tacirlerine&#8230;<\/p>\n","protected":false},"author":1,"featured_media":55711,"comment_status":"open","ping_status":"open","sticky":false,"template":"","format":"standard","meta":{"_crdt_document":"","footnotes":""},"categories":[5],"tags":[],"class_list":["post-55710","post","type-post","status-publish","format-standard","has-post-thumbnail","hentry","category-asayis"],"_links":{"self":[{"href":"https:\/\/www.egemtv.com\/index.php?rest_route=\/wp\/v2\/posts\/55710","targetHints":{"allow":["GET"]}}],"collection":[{"href":"https:\/\/www.egemtv.com\/index.php?rest_route=\/wp\/v2\/posts"}],"about":[{"href":"https:\/\/www.egemtv.com\/index.php?rest_route=\/wp\/v2\/types\/post"}],"author":[{"embeddable":true,"href":"https:\/\/www.egemtv.com\/index.php?rest_route=\/wp\/v2\/users\/1"}],"replies":[{"embeddable":true,"href":"https:\/\/www.egemtv.com\/index.php?rest_route=%2Fwp%2Fv2%2Fcomments&post=55710"}],"version-history":[{"count":1,"href":"https:\/\/www.egemtv.com\/index.php?rest_route=\/wp\/v2\/posts\/55710\/revisions"}],"predecessor-version":[{"id":55712,"href":"https:\/\/www.egemtv.com\/index.php?rest_route=\/wp\/v2\/posts\/55710\/revisions\/55712"}],"wp:featuredmedia":[{"embeddable":true,"href":"https:\/\/www.egemtv.com\/index.php?rest_route=\/wp\/v2\/media\/55711"}],"wp:attachment":[{"href":"https:\/\/www.egemtv.com\/index.php?rest_route=%2Fwp%2Fv2%2Fmedia&parent=55710"}],"wp:term":[{"taxonomy":"category","embeddable":true,"href":"https:\/\/www.egemtv.com\/index.php?rest_route=%2Fwp%2Fv2%2Fcategories&post=55710"},{"taxonomy":"post_tag","embeddable":true,"href":"https:\/\/www.egemtv.com\/index.php?rest_route=%2Fwp%2Fv2%2Ftags&post=55710"}],"curies":[{"name":"wp","href":"https:\/\/api.w.org\/{rel}","templated":true}]}}