{"id":55707,"date":"2025-09-18T15:54:54","date_gmt":"2025-09-18T12:54:54","guid":{"rendered":"https:\/\/www.egemtv.com\/?p=55707"},"modified":"2025-09-18T15:54:55","modified_gmt":"2025-09-18T12:54:55","slug":"10-uluslararasi-goldwing-treffen-cesmede-rekor-katilimla-gerceklesti","status":"publish","type":"post","link":"https:\/\/www.egemtv.com\/?p=55707","title":{"rendered":"10. Uluslararas\u0131 Goldwing Treffen \u00c7e\u015fme\u2019de rekor kat\u0131l\u0131mla ger\u00e7ekle\u015fti"},"content":{"rendered":"<p>Goldwing Club T\u00fcrkiye taraf\u0131ndan d\u00fczenlenen 10. Uluslararas\u0131 Goldwing Treffen, bu y\u0131l \u00c7e\u015fme\u2019de 4 g\u00fcn boyunca b\u00fcy\u00fck bir co\u015fkuyla ger\u00e7ekle\u015ftirildi. D\u00fcnyan\u0131n farkl\u0131 \u00fclkelerinden gelen y\u00fczlerce Goldwing tutkunu, T\u00fcrkiye\u2019nin g\u00f6zde turizm merkezlerinden \u00c7e\u015fme\u2019de bulu\u015ftu.<br \/>\n<br \/>Etkinlik boyunca Honda Goldwing\u2019in \u00fcretiminin 50. y\u0131l\u0131 ve Uluslararas\u0131 T\u00fcrkiye Treffen\u2019in 10. y\u0131l\u0131 kutland\u0131. Zengin program, konserler, kortej ge\u00e7i\u015fleri ve \u00f6zel seremonilerle ta\u00e7lanan bulu\u015fma, halk\u0131n yo\u011fun ilgisiyle adeta bir festivale d\u00f6n\u00fc\u015ft\u00fc.<br \/>\n<br \/>Sunuculu\u011funu \u00c7a\u011fla Kubat ve Dr. Sinan \u00d6\u011f\u00fcn\u2019\u00fcn \u00fcstlendi\u011fi \u00f6d\u00fcl t\u00f6reni ve g\u00f6rkemli seremonide, il\u00e7e protokol\u00fc de yer ald\u0131. Organizasyonun y\u00fcksek kalitesi, ev sahibi otelin hizmet anlay\u0131\u015f\u0131, \u00c7e\u015fme ve Ala\u00e7at\u0131\u2019n\u0131n do\u011fal g\u00fczellikleri, yabanc\u0131 misafirlerden tam not ald\u0131. Baz\u0131 konuklar b\u00f6lgeyi o kadar \u00e7ok be\u011fendi ki planlad\u0131klar\u0131 s\u00fcreyi uzatarak tatillerine devam ettiler.<br \/>\n<br \/>Etkinlik, yaln\u0131zca motosiklet k\u00fclt\u00fcr\u00fcn\u00fc de\u011fil ayn\u0131 zamanda \u00c7e\u015fme\u2019nin uluslararas\u0131 alanda tan\u0131t\u0131m\u0131n\u0131 da g\u00fc\u00e7lendirdi. Yabanc\u0131 konuklar\u0131n sosyal medya payla\u015f\u0131mlar\u0131 ve olumlu yorumlar\u0131, T\u00fcrkiye\u2019nin tan\u0131t\u0131m\u0131na b\u00fcy\u00fck katk\u0131 sa\u011flad\u0131.<br \/>\n<br \/>Ala\u00e7at\u0131 Turizm Derne\u011fi Ba\u015fkan\u0131 ve Goldwing Club T\u00fcrkiye Treffen Koordinat\u00f6r\u00fc Kerem \u00dcnsal, etkinlikle ilgili \u015funlar\u0131 s\u00f6yledi: &#8220;10. Uluslararas\u0131 Goldwing Treffen\u2019in \u00c7e\u015fme\u2019de ger\u00e7ekle\u015ftirilmesi bizim i\u00e7in b\u00fcy\u00fck bir gurur kayna\u011f\u0131 oldu. D\u00f6rt g\u00fcn boyunca y\u00fczlerce misafiri a\u011f\u0131rlad\u0131k, halk\u0131m\u0131z\u0131n ilgisi ve misafirlerimizin be\u011fenileri bizleri \u00e7ok mutlu etti.  Kaymakam\u0131m\u0131z Say\u0131n Mehmet Mara\u015fl\u0131 ve Belediye Ba\u015fkan\u0131m\u0131z Say\u0131n Lal Denizli\u2019nin desteklerini her an yan\u0131m\u0131zda hissettik. Emniyet, jandarma ve zab\u0131ta ekiplerimizin sa\u011flad\u0131\u011f\u0131 g\u00fcvenlik ve i\u015fbirli\u011fi sayesinde motosiklet tutkunlar\u0131m\u0131z huzurla s\u00fcr\u00fc\u015flerini ger\u00e7ekle\u015ftirdi. 10. Uluslararas\u0131 Goldwing Treffeni hem \u00fclke tan\u0131t\u0131m\u0131m\u0131za hem de b\u00f6lge ekonomisine \u00f6nemli katk\u0131lar sundu. Hatta baz\u0131 yabanc\u0131 konuklar\u0131m\u0131z, b\u00f6lgeyi o kadar \u00e7ok be\u011fendi ki tatillerini uzatma karar\u0131 ald\u0131lar. Bu t\u00fcr uluslararas\u0131 organizasyonlar\u0131n \u00c7e\u015fme\u2019yi d\u00fcnya \u00e7ap\u0131nda bir cazibe merkezi haline getirece\u011fine inan\u0131yoruz.&#8221;<br \/>\n<br \/>4 g\u00fcn s\u00fcren bulu\u015fma, motosiklet ruhunu dostluk ve karde\u015flik ba\u011flar\u0131yla bir araya getirirken, ayn\u0131 zamanda \u00c7e\u015fme\u2019nin turizm g\u00fcc\u00fcn\u00fc bir kez daha ortaya koydu. Etkinli\u011fe ayr\u0131ca Honda T\u00fcrkiye Ba\u015fkan\u0131 Satoru Yamada ve yard\u0131mc\u0131s\u0131 Kajimura Nana, T\u00fcrkiye Sat\u0131\u015f Direkt\u00f6r\u00fc Evren Baykara, B\u00f6lge M\u00fcd\u00fcr\u00fc Bar\u0131\u015f Anafarta da kat\u0131ld\u0131. Uluslararas\u0131 Goldwing Treffen tarihinde ilk kez Honda\u2019n\u0131n bu seviyede \u00fcst d\u00fczey y\u00f6neticileri organizasyona i\u015ftirak ederek, etkinli\u011fe verdikleri \u00f6nemi g\u00f6sterdiler.<br \/><\/p>\n","protected":false},"excerpt":{"rendered":"<p>Goldwing Club T\u00fcrkiye taraf\u0131ndan d\u00fczenlenen 10. Uluslararas\u0131 Goldwing Treffen, bu y\u0131l \u00c7e\u015fme\u2019de 4 g\u00fcn boyunca b\u00fcy\u00fck bir co\u015fkuyla ger\u00e7ekle\u015ftirildi. D\u00fcnyan\u0131n farkl\u0131 \u00fclkelerinden gelen y\u00fczlerce Goldwing tutkunu, T\u00fcrkiye\u2019nin g\u00f6zde turizm merkezlerinden \u00c7e\u015fme\u2019de bulu\u015ftu. Etkinlik boyunca Honda Goldwing\u2019in \u00fcretiminin 50. y\u0131l\u0131 ve Uluslararas\u0131 T\u00fcrkiye Treffen\u2019in 10. y\u0131l\u0131 kutland\u0131. Zengin program, konserler, kortej ge\u00e7i\u015fleri ve \u00f6zel seremonilerle ta\u00e7lanan&#8230;<\/p>\n","protected":false},"author":1,"featured_media":55708,"comment_status":"open","ping_status":"open","sticky":false,"template":"","format":"standard","meta":{"_crdt_document":"","footnotes":""},"categories":[4],"tags":[],"class_list":["post-55707","post","type-post","status-publish","format-standard","has-post-thumbnail","hentry","category-spor"],"_links":{"self":[{"href":"https:\/\/www.egemtv.com\/index.php?rest_route=\/wp\/v2\/posts\/55707","targetHints":{"allow":["GET"]}}],"collection":[{"href":"https:\/\/www.egemtv.com\/index.php?rest_route=\/wp\/v2\/posts"}],"about":[{"href":"https:\/\/www.egemtv.com\/index.php?rest_route=\/wp\/v2\/types\/post"}],"author":[{"embeddable":true,"href":"https:\/\/www.egemtv.com\/index.php?rest_route=\/wp\/v2\/users\/1"}],"replies":[{"embeddable":true,"href":"https:\/\/www.egemtv.com\/index.php?rest_route=%2Fwp%2Fv2%2Fcomments&post=55707"}],"version-history":[{"count":1,"href":"https:\/\/www.egemtv.com\/index.php?rest_route=\/wp\/v2\/posts\/55707\/revisions"}],"predecessor-version":[{"id":55709,"href":"https:\/\/www.egemtv.com\/index.php?rest_route=\/wp\/v2\/posts\/55707\/revisions\/55709"}],"wp:featuredmedia":[{"embeddable":true,"href":"https:\/\/www.egemtv.com\/index.php?rest_route=\/wp\/v2\/media\/55708"}],"wp:attachment":[{"href":"https:\/\/www.egemtv.com\/index.php?rest_route=%2Fwp%2Fv2%2Fmedia&parent=55707"}],"wp:term":[{"taxonomy":"category","embeddable":true,"href":"https:\/\/www.egemtv.com\/index.php?rest_route=%2Fwp%2Fv2%2Fcategories&post=55707"},{"taxonomy":"post_tag","embeddable":true,"href":"https:\/\/www.egemtv.com\/index.php?rest_route=%2Fwp%2Fv2%2Ftags&post=55707"}],"curies":[{"name":"wp","href":"https:\/\/api.w.org\/{rel}","templated":true}]}}