{"id":55704,"date":"2025-09-18T15:34:51","date_gmt":"2025-09-18T12:34:51","guid":{"rendered":"https:\/\/www.egemtv.com\/?p=55704"},"modified":"2025-09-18T15:34:52","modified_gmt":"2025-09-18T12:34:52","slug":"manisada-gaziler-ve-sehit-yakinlari-icin-program","status":"publish","type":"post","link":"https:\/\/www.egemtv.com\/?p=55704","title":{"rendered":"Manisa\u2019da gaziler ve \u015fehit yak\u0131nlar\u0131 i\u00e7in program"},"content":{"rendered":"<p>Manisa\u2019da 19 Eyl\u00fcl Gaziler G\u00fcn\u00fc etkinlikleri kapsam\u0131nda \u015fehit yak\u0131nlar\u0131, gaziler ve aileleri d\u00fczenlenen programda a\u011f\u0131rland\u0131.<br \/>\n<br \/>Manisa 8. Komando E\u011fitim Tugay Komutanl\u0131\u011f\u0131\u2019nda ger\u00e7ekle\u015ftirilen programa, Manisa Valisi Vahdettin \u00d6zkan, \u0130l Jandarma Komutan\u0131 Tu\u011fgeneral \u0130lhan \u015een, 8. Komando E\u011fitim Tugay Komutan\u0131 Piyade Albay Cengiz G\u00fcven, \u0130l Emniyet M\u00fcd\u00fcr\u00fc Fahri Akta\u015f, \u015fehit yak\u0131nlar\u0131, gaziler ve aileleri kat\u0131ld\u0131.<br \/>\n<br \/>Vali Vahdettin \u00d6zkan, programda \u015fehit yak\u0131nlar\u0131, gaziler ve aileleriyle yak\u0131ndan ilgilenerek tek tek sohbet etti. 19 Eyl\u00fcl Gaziler G\u00fcn\u00fc\u2019n\u00fc kutlayan Vali \u00d6zkan, vatan\u0131n b\u00fct\u00fcnl\u00fc\u011f\u00fc, milletin huzur ve g\u00fcvenli\u011fi i\u00e7in m\u00fccadele eden ve gazi unvan\u0131 ile onurland\u0131r\u0131lan kahramanlar\u0131n her daim yanlar\u0131nda olduklar\u0131n\u0131 vurgulad\u0131.<br \/>\n<br \/>Gaziler ve aileleri ise hat\u0131rlanmaktan duyduklar\u0131 memnuniyeti dile getirdi. Programda ayr\u0131ca \u015fehitler ve ebediyete irtihal eden gaziler i\u00e7in Kur\u2019an-\u0131 Kerim tilaveti yap\u0131larak dualar okundu.<br \/><\/p>\n","protected":false},"excerpt":{"rendered":"<p>Manisa\u2019da 19 Eyl\u00fcl Gaziler G\u00fcn\u00fc etkinlikleri kapsam\u0131nda \u015fehit yak\u0131nlar\u0131, gaziler ve aileleri d\u00fczenlenen programda a\u011f\u0131rland\u0131. Manisa 8. Komando E\u011fitim Tugay Komutanl\u0131\u011f\u0131\u2019nda ger\u00e7ekle\u015ftirilen programa, Manisa Valisi Vahdettin \u00d6zkan, \u0130l Jandarma Komutan\u0131 Tu\u011fgeneral \u0130lhan \u015een, 8. Komando E\u011fitim Tugay Komutan\u0131 Piyade Albay Cengiz G\u00fcven, \u0130l Emniyet M\u00fcd\u00fcr\u00fc Fahri Akta\u015f, \u015fehit yak\u0131nlar\u0131, gaziler ve aileleri kat\u0131ld\u0131. Vali Vahdettin&#8230;<\/p>\n","protected":false},"author":1,"featured_media":55705,"comment_status":"open","ping_status":"open","sticky":false,"template":"","format":"standard","meta":{"_crdt_document":"","footnotes":""},"categories":[1],"tags":[],"class_list":["post-55704","post","type-post","status-publish","format-standard","has-post-thumbnail","hentry","category-guncel"],"_links":{"self":[{"href":"https:\/\/www.egemtv.com\/index.php?rest_route=\/wp\/v2\/posts\/55704","targetHints":{"allow":["GET"]}}],"collection":[{"href":"https:\/\/www.egemtv.com\/index.php?rest_route=\/wp\/v2\/posts"}],"about":[{"href":"https:\/\/www.egemtv.com\/index.php?rest_route=\/wp\/v2\/types\/post"}],"author":[{"embeddable":true,"href":"https:\/\/www.egemtv.com\/index.php?rest_route=\/wp\/v2\/users\/1"}],"replies":[{"embeddable":true,"href":"https:\/\/www.egemtv.com\/index.php?rest_route=%2Fwp%2Fv2%2Fcomments&post=55704"}],"version-history":[{"count":1,"href":"https:\/\/www.egemtv.com\/index.php?rest_route=\/wp\/v2\/posts\/55704\/revisions"}],"predecessor-version":[{"id":55706,"href":"https:\/\/www.egemtv.com\/index.php?rest_route=\/wp\/v2\/posts\/55704\/revisions\/55706"}],"wp:featuredmedia":[{"embeddable":true,"href":"https:\/\/www.egemtv.com\/index.php?rest_route=\/wp\/v2\/media\/55705"}],"wp:attachment":[{"href":"https:\/\/www.egemtv.com\/index.php?rest_route=%2Fwp%2Fv2%2Fmedia&parent=55704"}],"wp:term":[{"taxonomy":"category","embeddable":true,"href":"https:\/\/www.egemtv.com\/index.php?rest_route=%2Fwp%2Fv2%2Fcategories&post=55704"},{"taxonomy":"post_tag","embeddable":true,"href":"https:\/\/www.egemtv.com\/index.php?rest_route=%2Fwp%2Fv2%2Ftags&post=55704"}],"curies":[{"name":"wp","href":"https:\/\/api.w.org\/{rel}","templated":true}]}}