{"id":55701,"date":"2025-09-18T15:34:50","date_gmt":"2025-09-18T12:34:50","guid":{"rendered":"https:\/\/www.egemtv.com\/?p=55701"},"modified":"2025-09-18T15:34:51","modified_gmt":"2025-09-18T12:34:51","slug":"kuru-incir-ihracatinda-uretici-uzerine-kirli-oyun-iddiasi","status":"publish","type":"post","link":"https:\/\/www.egemtv.com\/?p=55701","title":{"rendered":"&#8220;Kuru incir ihracat\u0131nda, \u00fcretici \u00fczerine kirli oyun iddias\u0131&#8221;"},"content":{"rendered":"<p>D\u00fcnyan\u0131n ve T\u00fcrkiye\u2019nin en kaliteli ve en fazla incirinin \u00fcretildi\u011fi Ayd\u0131n\u2019da kuru incir sat\u0131\u015flar\u0131nda ihracat\u00e7\u0131lar\u0131n yanl\u0131\u015f politikas\u0131 nedeniyle ciddi s\u0131k\u0131nt\u0131lar ya\u015fand\u0131\u011f\u0131 belirtildi. Ayd\u0131n\u2019\u0131n \u00f6nde gelen incir \u00fcreticilerinden Tansel \u00d6nder, \u015fu anda \u00fcreticiden ge\u00e7en y\u0131l\u0131n alt\u0131nda fiyatlarla incir toplanmaya \u00e7al\u0131\u015f\u0131ld\u0131\u011f\u0131n\u0131 belirterek bu durumun T\u00fcrk ekonomisine de zarar verdi\u011fini belirtti. Ge\u00e7en y\u0131l 230 TL\u2019ye sat\u0131lan incirlere bu y\u0131l 200 TL fiyat bi\u00e7ildi\u011fini belirten \u00d6nder, ya\u015fanan olumsuzlu\u011fun tamamen ihracat\u00e7\u0131lardan kaynakland\u0131\u011f\u0131n\u0131 belirterek ilgili bakanl\u0131klar\u0131n duruma el koymas\u0131n\u0131 beklediklerini s\u00f6yledi.<\/p>\n<p>T\u00fcrkiye\u2019nin incir \u00fcretim merkezi olan Ayd\u0131n\u2019da hasat sezonunu tamamlayan \u00e7ift\u00e7iler son y\u0131llar\u0131n en s\u0131k\u0131nt\u0131l\u0131 g\u00fcnlerini ya\u015f\u0131yor. Bu y\u0131l rekolte d\u00fc\u015f\u00fck olmas\u0131na ra\u011fmen \u00fcreticiye ge\u00e7en y\u0131l\u0131n alt\u0131nda fiyat sunuldu\u011funu kaydeden \u00d6nder, &#8220;D\u00fcnyada rakibimizin olmad\u0131\u011f\u0131 bir \u00fcr\u00fcn\u00fc \u00fcretiyoruz. Ancak ihracat\u00e7\u0131n\u0131n yanl\u0131\u015f politikalar\u0131 nedeniyle bu k\u0131ymetli \u00fcr\u00fcn\u00fcm\u00fcz\u00fc de\u011fere d\u00f6n\u00fc\u015ft\u00fcremiyoruz. Ald\u0131\u011f\u0131m\u0131z duyumlara g\u00f6re; ihracat\u00e7\u0131lar ve depocular aralar\u0131nda anla\u015f\u0131p 20 Eyl\u00fcl\u2019e kadar piyasaya \u00e7\u0131kmama karar\u0131 ald\u0131\u011f\u0131n\u0131 duyuyoruz. Bu durum piyasan\u0131n \u015fi\u015fmesine neden oldu. Gemi y\u00fckleme tarihinin ileri al\u0131nmas\u0131n\u0131n alt\u0131nda da bize g\u00f6re farkl\u0131 hesaplar var&#8221; dedi.<\/p>\n<p>&#8220;\u00dclke olarak kendi aya\u011f\u0131m\u0131za s\u0131k\u0131yoruz&#8221;<br \/>\n<br \/>Kuru incir fiyat\u0131n\u0131 a\u015fa\u011f\u0131ya \u00e7ekip \u00fcreticiden d\u00fc\u015f\u00fck fiyata mal toplayanlar\u0131n Avrupa\u2019ya ge\u00e7en y\u0131l\u0131n alt\u0131nda fiyat teklif etti\u011fini de duyduklar\u0131n\u0131 ve hal b\u00f6yle olunca Avrupa Pazar\u0131\u2019n\u0131n T\u00fcrk ihracat\u00e7\u0131s\u0131na \u2018Biz daha d\u00fc\u015f\u00fck fiyata teklif al\u0131yoruz. Fiyatlar\u0131n\u0131z\u0131 a\u015fa\u011f\u0131ya \u00e7ekin\u2019 diye taleplerin geldi\u011finin konu\u015fuldu\u011funu belirten Tansel \u00d6nder, &#8220;Bu \u00fcr\u00fcn Avrupa\u2019da olsa d\u00fcnyaya bu incir gram ile \u2018ila\u00e7\u2019 diye sat\u0131l\u0131r. Maalesef bizde i\u00e7 \u00e7eki\u015fmeler ve \u00fcreticinin korunmamas\u0131 nedeniyle \u00fclke ekonomisi zarar g\u00f6r\u00fcyor. Deyim yerinde ise \u00fclke olarak kendi aya\u011f\u0131m\u0131za s\u0131k\u0131yoruz.Y\u00fckleme tarihinin ileri at\u0131lmas\u0131 bence hi\u00e7 do\u011fru bir karar de\u011fil. \u015eu anda incir al\u0131m\u0131n\u0131n ertelenmesi depoda bekletilen \u00fcr\u00fcnde kalite kayb\u0131na ve aflatoksin olu\u015fumuna neden olur. Bu nedenle  ilgili bakanl\u0131klar\u0131n ve Ayd\u0131n milletvekillerinin bir an \u00f6nce duruma el koymas\u0131n\u0131 bekliyoruz&#8221; dedi.<\/p>\n<p>Ge\u00e7en y\u0131l k\u00fcrek mal\u0131 diye tabir edilen incirin kilosunun 230-240 TL civar\u0131nda fiyatla sat\u0131ld\u0131\u011f\u0131n\u0131 belirten Tansel \u00d6nder, bu y\u0131l artan \u00fcretim maliyeti ve enflasyona ra\u011fmen 200 TL\u2019ye al\u0131nmak istendi\u011fini belirtti.<br \/><\/p>\n","protected":false},"excerpt":{"rendered":"<p>D\u00fcnyan\u0131n ve T\u00fcrkiye\u2019nin en kaliteli ve en fazla incirinin \u00fcretildi\u011fi Ayd\u0131n\u2019da kuru incir sat\u0131\u015flar\u0131nda ihracat\u00e7\u0131lar\u0131n yanl\u0131\u015f politikas\u0131 nedeniyle ciddi s\u0131k\u0131nt\u0131lar ya\u015fand\u0131\u011f\u0131 belirtildi. Ayd\u0131n\u2019\u0131n \u00f6nde gelen incir \u00fcreticilerinden Tansel \u00d6nder, \u015fu anda \u00fcreticiden ge\u00e7en y\u0131l\u0131n alt\u0131nda fiyatlarla incir toplanmaya \u00e7al\u0131\u015f\u0131ld\u0131\u011f\u0131n\u0131 belirterek bu durumun T\u00fcrk ekonomisine de zarar verdi\u011fini belirtti. Ge\u00e7en y\u0131l 230 TL\u2019ye sat\u0131lan incirlere bu&#8230;<\/p>\n","protected":false},"author":1,"featured_media":55702,"comment_status":"open","ping_status":"open","sticky":false,"template":"","format":"standard","meta":{"_crdt_document":"","footnotes":""},"categories":[125],"tags":[],"class_list":["post-55701","post","type-post","status-publish","format-standard","has-post-thumbnail","hentry","category-ekonomi"],"_links":{"self":[{"href":"https:\/\/www.egemtv.com\/index.php?rest_route=\/wp\/v2\/posts\/55701","targetHints":{"allow":["GET"]}}],"collection":[{"href":"https:\/\/www.egemtv.com\/index.php?rest_route=\/wp\/v2\/posts"}],"about":[{"href":"https:\/\/www.egemtv.com\/index.php?rest_route=\/wp\/v2\/types\/post"}],"author":[{"embeddable":true,"href":"https:\/\/www.egemtv.com\/index.php?rest_route=\/wp\/v2\/users\/1"}],"replies":[{"embeddable":true,"href":"https:\/\/www.egemtv.com\/index.php?rest_route=%2Fwp%2Fv2%2Fcomments&post=55701"}],"version-history":[{"count":1,"href":"https:\/\/www.egemtv.com\/index.php?rest_route=\/wp\/v2\/posts\/55701\/revisions"}],"predecessor-version":[{"id":55703,"href":"https:\/\/www.egemtv.com\/index.php?rest_route=\/wp\/v2\/posts\/55701\/revisions\/55703"}],"wp:featuredmedia":[{"embeddable":true,"href":"https:\/\/www.egemtv.com\/index.php?rest_route=\/wp\/v2\/media\/55702"}],"wp:attachment":[{"href":"https:\/\/www.egemtv.com\/index.php?rest_route=%2Fwp%2Fv2%2Fmedia&parent=55701"}],"wp:term":[{"taxonomy":"category","embeddable":true,"href":"https:\/\/www.egemtv.com\/index.php?rest_route=%2Fwp%2Fv2%2Fcategories&post=55701"},{"taxonomy":"post_tag","embeddable":true,"href":"https:\/\/www.egemtv.com\/index.php?rest_route=%2Fwp%2Fv2%2Ftags&post=55701"}],"curies":[{"name":"wp","href":"https:\/\/api.w.org\/{rel}","templated":true}]}}