{"id":55698,"date":"2025-09-18T15:34:49","date_gmt":"2025-09-18T12:34:49","guid":{"rendered":"https:\/\/www.egemtv.com\/?p=55698"},"modified":"2025-09-18T15:34:50","modified_gmt":"2025-09-18T12:34:50","slug":"cinede-ogrenciler-orman-yanginlari-hakkinda-bilgilendirildi","status":"publish","type":"post","link":"https:\/\/www.egemtv.com\/?p=55698","title":{"rendered":"\u00c7ine\u2019de \u00f6\u011frenciler orman yang\u0131nlar\u0131 hakk\u0131nda bilgilendirildi"},"content":{"rendered":"<p>Ayd\u0131n\u2019\u0131n \u00c7ine il\u00e7esinde \u00f6\u011frencilere orman yang\u0131nlar\u0131 ile ilgili fark\u0131ndal\u0131k e\u011fitimi verildi.<\/p>\n<p>\u00c7ine\u2019de &#8220;Ye\u015fil Vatan-Benim Okulum Gelece\u011fe \u00c7are&#8221; etkinlikler kapsam\u0131nda okullarda e\u011fitimler devam ediyor. \u00c7ine Orman \u0130\u015fletme \u015eefli\u011fi taraf\u0131ndan il\u00e7e merkezinde bulunan H\u00fcseyin \u00d6zkan \u0130lkokulu\u2019nda, \u00f6\u011frencilere orman yang\u0131nlar\u0131yla ilgili fark\u0131ndal\u0131k e\u011fitimi verildi. \u0130\u015fletme \u015eefi G\u00f6khan \u00d6nal taraf\u0131ndan verilen e\u011fitim sonunda \u00f6\u011frencilere tohum ve saks\u0131 hediye edildi.<br \/><\/p>\n","protected":false},"excerpt":{"rendered":"<p>Ayd\u0131n\u2019\u0131n \u00c7ine il\u00e7esinde \u00f6\u011frencilere orman yang\u0131nlar\u0131 ile ilgili fark\u0131ndal\u0131k e\u011fitimi verildi. \u00c7ine\u2019de &#8220;Ye\u015fil Vatan-Benim Okulum Gelece\u011fe \u00c7are&#8221; etkinlikler kapsam\u0131nda okullarda e\u011fitimler devam ediyor. \u00c7ine Orman \u0130\u015fletme \u015eefli\u011fi taraf\u0131ndan il\u00e7e merkezinde bulunan H\u00fcseyin \u00d6zkan \u0130lkokulu\u2019nda, \u00f6\u011frencilere orman yang\u0131nlar\u0131yla ilgili fark\u0131ndal\u0131k e\u011fitimi verildi. \u0130\u015fletme \u015eefi G\u00f6khan \u00d6nal taraf\u0131ndan verilen e\u011fitim sonunda \u00f6\u011frencilere tohum ve saks\u0131 hediye edildi.<\/p>\n","protected":false},"author":1,"featured_media":55699,"comment_status":"open","ping_status":"open","sticky":false,"template":"","format":"standard","meta":{"_crdt_document":"","footnotes":""},"categories":[1],"tags":[],"class_list":["post-55698","post","type-post","status-publish","format-standard","has-post-thumbnail","hentry","category-guncel"],"_links":{"self":[{"href":"https:\/\/www.egemtv.com\/index.php?rest_route=\/wp\/v2\/posts\/55698","targetHints":{"allow":["GET"]}}],"collection":[{"href":"https:\/\/www.egemtv.com\/index.php?rest_route=\/wp\/v2\/posts"}],"about":[{"href":"https:\/\/www.egemtv.com\/index.php?rest_route=\/wp\/v2\/types\/post"}],"author":[{"embeddable":true,"href":"https:\/\/www.egemtv.com\/index.php?rest_route=\/wp\/v2\/users\/1"}],"replies":[{"embeddable":true,"href":"https:\/\/www.egemtv.com\/index.php?rest_route=%2Fwp%2Fv2%2Fcomments&post=55698"}],"version-history":[{"count":1,"href":"https:\/\/www.egemtv.com\/index.php?rest_route=\/wp\/v2\/posts\/55698\/revisions"}],"predecessor-version":[{"id":55700,"href":"https:\/\/www.egemtv.com\/index.php?rest_route=\/wp\/v2\/posts\/55698\/revisions\/55700"}],"wp:featuredmedia":[{"embeddable":true,"href":"https:\/\/www.egemtv.com\/index.php?rest_route=\/wp\/v2\/media\/55699"}],"wp:attachment":[{"href":"https:\/\/www.egemtv.com\/index.php?rest_route=%2Fwp%2Fv2%2Fmedia&parent=55698"}],"wp:term":[{"taxonomy":"category","embeddable":true,"href":"https:\/\/www.egemtv.com\/index.php?rest_route=%2Fwp%2Fv2%2Fcategories&post=55698"},{"taxonomy":"post_tag","embeddable":true,"href":"https:\/\/www.egemtv.com\/index.php?rest_route=%2Fwp%2Fv2%2Ftags&post=55698"}],"curies":[{"name":"wp","href":"https:\/\/api.w.org\/{rel}","templated":true}]}}