{"id":55695,"date":"2025-09-18T15:34:48","date_gmt":"2025-09-18T12:34:48","guid":{"rendered":"https:\/\/www.egemtv.com\/?p=55695"},"modified":"2025-09-18T15:34:49","modified_gmt":"2025-09-18T12:34:49","slug":"hisarcikta-copluge-donen-cayin-kenarinda-yangin-cikti","status":"publish","type":"post","link":"https:\/\/www.egemtv.com\/?p=55695","title":{"rendered":"Hisarc\u0131k\u2019ta \u00e7\u00f6pl\u00fc\u011fe d\u00f6nen \u00e7ay\u0131n kenar\u0131nda yang\u0131n \u00e7\u0131kt\u0131"},"content":{"rendered":"<p>K\u00fctahya\u2019n\u0131n Hisarc\u0131k \u0130l\u00e7esi\u2019nde \u00e7\u00f6pl\u00fc\u011fe d\u00f6nen \u00e7ay kenar\u0131nda gece \u00e7\u0131kan ve itfaiye ekiplerince s\u00f6nd\u00fcr\u00fclen yang\u0131n yang\u0131n, \u00f6\u011fle saatlerinde tekrar alevlendi. Yang\u0131n, belediyeye ait araz\u00f6z ile s\u00f6nd\u00fcr\u00fcld\u00fc, ard\u0131ndan so\u011futma \u00e7al\u0131\u015fmas\u0131 yap\u0131ld\u0131.<br \/>\n<br \/>Edinilen bilgiye g\u00f6re, K\u00fc\u00e7\u00fck ve Koca \u00e7aylar\u0131n birle\u015fti\u011fi \u00e7\u00f6pl\u00fc\u011fe d\u00f6nen \u00dccek mevkiinde gece saat 02.30\u2019da hen\u00fcz belirlenemeyen bir sebeple yang\u0131n \u00e7\u0131kt\u0131. \u00c7e\u015fitli at\u0131klar\u0131n tutu\u015fmas\u0131 ile \u00e7\u0131kan yang\u0131n Hisarc\u0131k Belediyesi itfaiye ekiplerince s\u00f6nd\u00fcr\u00fcld\u00fc. \u00d6\u011fle saatlerinde yang\u0131n mahallinden tekrar dumanlar y\u00fckseldi\u011fi ihbar\u0131 \u00fczerine b\u00f6lgeye sevk edilen Hisarc\u0131k Belediyesine ait araz\u00f6z ile tekrar alevlenen yang\u0131n s\u00f6nd\u00fcr\u00fcl\u00fcp alanda so\u011futma \u00e7al\u0131\u015fmas\u0131 yap\u0131ld\u0131.<br \/><\/p>\n","protected":false},"excerpt":{"rendered":"<p>K\u00fctahya\u2019n\u0131n Hisarc\u0131k \u0130l\u00e7esi\u2019nde \u00e7\u00f6pl\u00fc\u011fe d\u00f6nen \u00e7ay kenar\u0131nda gece \u00e7\u0131kan ve itfaiye ekiplerince s\u00f6nd\u00fcr\u00fclen yang\u0131n yang\u0131n, \u00f6\u011fle saatlerinde tekrar alevlendi. Yang\u0131n, belediyeye ait araz\u00f6z ile s\u00f6nd\u00fcr\u00fcld\u00fc, ard\u0131ndan so\u011futma \u00e7al\u0131\u015fmas\u0131 yap\u0131ld\u0131. Edinilen bilgiye g\u00f6re, K\u00fc\u00e7\u00fck ve Koca \u00e7aylar\u0131n birle\u015fti\u011fi \u00e7\u00f6pl\u00fc\u011fe d\u00f6nen \u00dccek mevkiinde gece saat 02.30\u2019da hen\u00fcz belirlenemeyen bir sebeple yang\u0131n \u00e7\u0131kt\u0131. \u00c7e\u015fitli at\u0131klar\u0131n tutu\u015fmas\u0131 ile \u00e7\u0131kan&#8230;<\/p>\n","protected":false},"author":1,"featured_media":55696,"comment_status":"open","ping_status":"open","sticky":false,"template":"","format":"standard","meta":{"_crdt_document":"","footnotes":""},"categories":[5],"tags":[],"class_list":["post-55695","post","type-post","status-publish","format-standard","has-post-thumbnail","hentry","category-asayis"],"_links":{"self":[{"href":"https:\/\/www.egemtv.com\/index.php?rest_route=\/wp\/v2\/posts\/55695","targetHints":{"allow":["GET"]}}],"collection":[{"href":"https:\/\/www.egemtv.com\/index.php?rest_route=\/wp\/v2\/posts"}],"about":[{"href":"https:\/\/www.egemtv.com\/index.php?rest_route=\/wp\/v2\/types\/post"}],"author":[{"embeddable":true,"href":"https:\/\/www.egemtv.com\/index.php?rest_route=\/wp\/v2\/users\/1"}],"replies":[{"embeddable":true,"href":"https:\/\/www.egemtv.com\/index.php?rest_route=%2Fwp%2Fv2%2Fcomments&post=55695"}],"version-history":[{"count":1,"href":"https:\/\/www.egemtv.com\/index.php?rest_route=\/wp\/v2\/posts\/55695\/revisions"}],"predecessor-version":[{"id":55697,"href":"https:\/\/www.egemtv.com\/index.php?rest_route=\/wp\/v2\/posts\/55695\/revisions\/55697"}],"wp:featuredmedia":[{"embeddable":true,"href":"https:\/\/www.egemtv.com\/index.php?rest_route=\/wp\/v2\/media\/55696"}],"wp:attachment":[{"href":"https:\/\/www.egemtv.com\/index.php?rest_route=%2Fwp%2Fv2%2Fmedia&parent=55695"}],"wp:term":[{"taxonomy":"category","embeddable":true,"href":"https:\/\/www.egemtv.com\/index.php?rest_route=%2Fwp%2Fv2%2Fcategories&post=55695"},{"taxonomy":"post_tag","embeddable":true,"href":"https:\/\/www.egemtv.com\/index.php?rest_route=%2Fwp%2Fv2%2Ftags&post=55695"}],"curies":[{"name":"wp","href":"https:\/\/api.w.org\/{rel}","templated":true}]}}