{"id":55692,"date":"2025-09-18T15:16:13","date_gmt":"2025-09-18T12:16:13","guid":{"rendered":"https:\/\/www.egemtv.com\/?p=55692"},"modified":"2025-09-18T15:16:14","modified_gmt":"2025-09-18T12:16:14","slug":"dto-baskan-erdogan-kamu-kurum-ve-kuruluslariyla-isbirliklerini-kesintisiz-surduruyor","status":"publish","type":"post","link":"https:\/\/www.egemtv.com\/?p=55692","title":{"rendered":"DTO Ba\u015fkan Erdo\u011fan kamu kurum ve kurulu\u015flar\u0131yla i\u015fbirliklerini kesintisiz s\u00fcrd\u00fcr\u00fcyor"},"content":{"rendered":"<p>Denizli Ticaret Odas\u0131 (DTO) Ba\u015fkan\u0131 U\u011fur Erdo\u011fan, kamu kurum ve kurulu\u015flar\u0131 ile temaslar\u0131n\u0131 kesintisiz s\u00fcrd\u00fcr\u00fcyor. Denizli\u2019de yeni g\u00f6reve ba\u015flayan kamu kurumlar\u0131n\u0131n idarecilerine hay\u0131rl\u0131 olsun ziyaretinde bulunan Ba\u015fkan Erdo\u011fan, DTO\u2019daki kabullerine de ara vermedi.<\/p>\n<p>DTO Y\u00f6netim Kurulu Ba\u015fkan\u0131 U\u011fur Erdo\u011fan, Denizli \u0130l Jandarma Komutan\u0131 Tu\u011fgeneral Mevl\u00fct Dirim\u2019i makam\u0131nda ziyaret ederek yeni g\u00f6revinin hay\u0131rl\u0131 olmas\u0131n\u0131 diledi. Ba\u015fkan Erdo\u011fan\u2019a nezaketinden dolay\u0131 te\u015fekk\u00fcr eden Tu\u011fgeneral Dirim, iki kurum aras\u0131ndaki ge\u00e7mi\u015ften bug\u00fcne gelen i\u015f birli\u011finin artarak s\u00fcrmesini diledi. Ba\u015fkan Erdo\u011fan da ziyaretleri ile ilgili olarak &#8220;Toplumsal huzurumuzun temel dayanaklar\u0131ndan Jandarma Te\u015fkilat\u0131m\u0131z, onur kayna\u011f\u0131m\u0131zd\u0131r. Her t\u00fcrl\u00fc deste\u011fi verdik, verece\u011fiz; i\u015f birli\u011fimizi kesintisiz s\u00fcrd\u00fcrece\u011fiz. \u015eehrimizde g\u00f6reve ba\u015flayan \u0130l Jandarma Komutan\u0131m\u0131za da misafirperverli\u011fi i\u00e7in te\u015fekk\u00fcr eder ba\u015far\u0131lar dileriz. Denizli\u2019mize de\u011fer kataca\u011f\u0131na inan\u0131yoruz&#8221; dedi.<\/p>\n<p>&#8220;\u0130l Tar\u0131m ve Orman M\u00fcd\u00fcr\u00fc Zayim\u2019e, \u015fehrimize ho\u015f geldiniz ziyaretinde bulunduk&#8221;<br \/>\n<br \/>Ba\u015fkan Erdo\u011fan ile DTO Y\u00f6netim Kurulu \u00fcyeleri daha sonra Denizli \u0130l Tar\u0131m ve Orman M\u00fcd\u00fcr\u00fc Mustafa Nevzat Zayim\u2019e hay\u0131rl\u0131 olsun ziyaretinde bulunarak kolayl\u0131klar diledi. \u00dcyelerinin m\u00fcd\u00fcrl\u00fckle ilgili \u00f6neri ve beklentilerini de iletti. \u0130l M\u00fcd\u00fcr\u00fc Zayim, konuklar\u0131na ilgi, destek ve nezaketlerinden dolay\u0131 te\u015fekk\u00fcr etti.<\/p>\n<p>Ba\u015fkan Erdo\u011fan\u2019\u0131n \u00f6nderli\u011findeki heyet sonras\u0131nda AK Parti \u0130l Ba\u015fkan\u0131 Muhammet Suba\u015f\u0131o\u011flu\u2019nu da ziyaret etti. Konuklar\u0131n\u0131 kap\u0131da kar\u015f\u0131layan Suba\u015f\u0131o\u011flu, &#8220;Denizli\u2019miz ve hem\u015fehrilerimiz i\u00e7in t\u00fcm sivil toplum kurulu\u015flar\u0131m\u0131z ile el birli\u011fiyle \u00e7al\u0131\u015f\u0131yoruz. \u00c7\u00fcnk\u00fc bu \u015fehir bizim; hepimizin. \u00c7ok \u00e7ok daha iyi olmas\u0131 i\u00e7in de hep beraber durmadan yorulmadan ko\u015fturuyoruz, ko\u015fturaca\u011f\u0131z. U\u011fur Ba\u015fkan\u0131m\u0131z\u0131n temposu ve \u00e7al\u0131\u015fkanl\u0131\u011f\u0131 zaten herkesin malumu; in\u015fallah sahan\u0131n taranmas\u0131 ve durum tespiti anlam\u0131nda bundan biz de faydalanaca\u011f\u0131z. Onun i\u00e7in sizlerin bize toplumu ilgilendiren konulardaki \u00f6nerileri, bizim i\u00e7in \u00e7ok \u00f6nemli; hatta ba\u015f tac\u0131&#8221; diye konu\u015ftu. \u0130l Ba\u015fkan\u0131 Suba\u015f\u0131o\u011flu, g\u00f6r\u00fc\u015fmenin sonunda misafirlerine g\u00f6sterdikleri nezaketten dolay\u0131 da te\u015fekk\u00fcr ederken Ticaret Odas\u0131 Ba\u015fkan\u0131 Erdo\u011fan ise ziyaretleri ile ilgili olarak, &#8220;Sekt\u00f6rlerimiz ile \u00fcyelerimizin genel idaremizin politikalar\u0131yla ilgili \u00f6neri ve beklentilerini \u0130l Ba\u015fkan\u0131m\u0131z Say\u0131n Suba\u015f\u0131o\u011flu\u2019na aktard\u0131k ve bunlar\u0131n kar\u015f\u0131lanmas\u0131 anlam\u0131nda desteklerini istedik. Olduk\u00e7a verimli bir g\u00f6r\u00fc\u015fme oldu. Yeni g\u00f6revinden dolay\u0131 da tebrik ettik. Misafirperverli\u011finden dolay\u0131 te\u015fekk\u00fcr eder kolayl\u0131klar dileriz&#8221; dedi.<\/p>\n<p>Ba\u015fkan Erdo\u011fan\u2019a ziyaretlerinde DTO Meclis Ba\u015fkan\u0131 Salih Sar\u0131kaya\u2019n\u0131n yan\u0131 s\u0131ra DTO Y\u00f6netim Kurulu Ba\u015fkan Yard\u0131mc\u0131lar\u0131 Hasan Arac\u0131 ile Melek Kartay, Y\u00f6netim Kurulu \u00dcyeleri Ahmet \u00d6zfidan, Ali Ta\u015fevli, Kemal Tuncer, Mehmet O\u011fuzhan \u015eahan, Mutlu Ba\u015faran, DTO Meclis Katip \u00dcyesi Volkan G\u00fcrsoy, Meclis \u00dcyesi Yavuz Aki, T\u00fcrkiye Odalar ve Borsalar Birli\u011fi (TOBB) Denizli Gen\u00e7 Giri\u015fimciler Kurulu (GGK) \u0130l \u0130cra Komitesi Ba\u015fkan\u0131 Bekir \u00c7ak\u0131r, DTO Genel Sekreteri Ali R\u0131za Tekin ile DTO Ba\u015fkanl\u0131k \u00d6zel Kalem ve Bas\u0131n Sorumlusu \u00d6mer Alt\u0131nta\u015f da e\u015flik etti.<\/p>\n<p>Ba\u015fkan Erdo\u011fan, kurum ziyaretlerinin ard\u0131ndan Denizli Ticaret Odas\u0131 Y\u00f6netim Kurulu Ba\u015fkan Yard\u0131mc\u0131s\u0131 Melek Kartay\u2019\u0131 da \u0130ncilip\u0131nar Caddesi \u00c7\u0131nar Apartman\u0131\u2019nda a\u00e7t\u0131\u011f\u0131 yeni i\u015fletmesi 2210 Boulangerie Cafe\u2019de ziyaret ederek hay\u0131rl\u0131 ve u\u011furlu olmas\u0131n\u0131 diledi. Kartay da kendisini yaln\u0131z b\u0131rakmayan DTO Y\u00f6netim Kurulu \u00fcyelerine nezaketlerinden dolay\u0131 te\u015fekk\u00fcr etti.<\/p>\n<p>Ba\u015fkan Erdo\u011fan, DTO\u2019daki kabullerine de ara vermedi<br \/>\n<br \/>Ba\u015fkan Erdo\u011fan, g\u00fcnl\u00fck program\u0131n\u0131 Denizli Ticaret Odas\u0131\u2019nda s\u00fcrd\u00fcrd\u00fc. Ziyaretine gelen Yard\u0131mc\u0131 \u0130n\u015faat Y\u00f6netim Kurulu Ba\u015fkan\u0131 Resul Yard\u0131mc\u0131 ile y\u00f6netim kurulu \u00fcyelerini kabul etti; nezaretlerinden dolay\u0131 te\u015fekk\u00fcr ederek hay\u0131rl\u0131 i\u015fler diledi.<\/p>\n<p>Ayl\u0131k ola\u011fan toplant\u0131lar\u0131 i\u00e7in gelen, DTO\u2019nun 17\u2019nci Meslek Komitesi\u2019nin \u00fcyeleri ile de sekt\u00f6rlerini isti\u015fare etti. Takdirle takip etti\u011fini s\u00f6yledi\u011fi \u00e7al\u0131\u015fmalar\u0131ndan dolay\u0131 te\u015fekk\u00fcr ederek ba\u015far\u0131lar diledi.<br \/>\n<br \/>Ba\u015fkan Erdo\u011fan\u2019\u0131n olduk\u00e7a renkli bir misafiri daha vard\u0131; \u00c7ini Ustas\u0131 Hasan \u0130nce. Konu\u011fu, Ba\u015fkan Erdo\u011fan\u2019a g\u00fcne damgas\u0131n\u0131 vuracak bir s\u00fcrpriz yapt\u0131 ve g\u00fczel bir arma\u011fanla ziyarete geldi. Konu\u011funun elinde foto\u011fraf\u0131n\u0131n i\u015flendi\u011fi eseri g\u00f6r\u00fcnce duygulanan Erdo\u011fan, &#8220;El eme\u011fi g\u00f6z nuru \u00e7ini eserini hediye olarak getiren misafirimiz Hasan \u0130nce\u2019ye, nezaketinden dolay\u0131 te\u015fekk\u00fcr eder hay\u0131rl\u0131 i\u015fler dilerim&#8221; dedi.<br \/><\/p>\n","protected":false},"excerpt":{"rendered":"<p>Denizli Ticaret Odas\u0131 (DTO) Ba\u015fkan\u0131 U\u011fur Erdo\u011fan, kamu kurum ve kurulu\u015flar\u0131 ile temaslar\u0131n\u0131 kesintisiz s\u00fcrd\u00fcr\u00fcyor. Denizli\u2019de yeni g\u00f6reve ba\u015flayan kamu kurumlar\u0131n\u0131n idarecilerine hay\u0131rl\u0131 olsun ziyaretinde bulunan Ba\u015fkan Erdo\u011fan, DTO\u2019daki kabullerine de ara vermedi. DTO Y\u00f6netim Kurulu Ba\u015fkan\u0131 U\u011fur Erdo\u011fan, Denizli \u0130l Jandarma Komutan\u0131 Tu\u011fgeneral Mevl\u00fct Dirim\u2019i makam\u0131nda ziyaret ederek yeni g\u00f6revinin hay\u0131rl\u0131 olmas\u0131n\u0131 diledi. Ba\u015fkan&#8230;<\/p>\n","protected":false},"author":1,"featured_media":55693,"comment_status":"open","ping_status":"open","sticky":false,"template":"","format":"standard","meta":{"_crdt_document":"","footnotes":""},"categories":[123],"tags":[],"class_list":["post-55692","post","type-post","status-publish","format-standard","has-post-thumbnail","hentry","category-gundem"],"_links":{"self":[{"href":"https:\/\/www.egemtv.com\/index.php?rest_route=\/wp\/v2\/posts\/55692","targetHints":{"allow":["GET"]}}],"collection":[{"href":"https:\/\/www.egemtv.com\/index.php?rest_route=\/wp\/v2\/posts"}],"about":[{"href":"https:\/\/www.egemtv.com\/index.php?rest_route=\/wp\/v2\/types\/post"}],"author":[{"embeddable":true,"href":"https:\/\/www.egemtv.com\/index.php?rest_route=\/wp\/v2\/users\/1"}],"replies":[{"embeddable":true,"href":"https:\/\/www.egemtv.com\/index.php?rest_route=%2Fwp%2Fv2%2Fcomments&post=55692"}],"version-history":[{"count":1,"href":"https:\/\/www.egemtv.com\/index.php?rest_route=\/wp\/v2\/posts\/55692\/revisions"}],"predecessor-version":[{"id":55694,"href":"https:\/\/www.egemtv.com\/index.php?rest_route=\/wp\/v2\/posts\/55692\/revisions\/55694"}],"wp:featuredmedia":[{"embeddable":true,"href":"https:\/\/www.egemtv.com\/index.php?rest_route=\/wp\/v2\/media\/55693"}],"wp:attachment":[{"href":"https:\/\/www.egemtv.com\/index.php?rest_route=%2Fwp%2Fv2%2Fmedia&parent=55692"}],"wp:term":[{"taxonomy":"category","embeddable":true,"href":"https:\/\/www.egemtv.com\/index.php?rest_route=%2Fwp%2Fv2%2Fcategories&post=55692"},{"taxonomy":"post_tag","embeddable":true,"href":"https:\/\/www.egemtv.com\/index.php?rest_route=%2Fwp%2Fv2%2Ftags&post=55692"}],"curies":[{"name":"wp","href":"https:\/\/api.w.org\/{rel}","templated":true}]}}