{"id":55689,"date":"2025-09-18T15:16:11","date_gmt":"2025-09-18T12:16:11","guid":{"rendered":"https:\/\/www.egemtv.com\/?p=55689"},"modified":"2025-09-18T15:16:12","modified_gmt":"2025-09-18T12:16:12","slug":"nasrettin-hoca-hacivat-ve-karagoz-kultur-solenine-konuk-oldu","status":"publish","type":"post","link":"https:\/\/www.egemtv.com\/?p=55689","title":{"rendered":"Nasrettin Hoca, Hacivat ve Karag\u00f6z k\u00fclt\u00fcr \u015f\u00f6lenine konuk oldu"},"content":{"rendered":"<p>DEN\u0130ZL\u0130 (\u0130HA) \u2013 Denizli\u2019nin Pamukkale il\u00e7esindeki H\u00fcsamettin Kulakl\u0131 \u0130lkokulunda d\u00fczenlenen k\u00fclt\u00fcr \u015f\u00f6leninde, \u00f6\u011frenciler Nasreddin Hoca, Karag\u00f6z ve Hacivat ile bulu\u015ftu.<\/p>\n<p>Pamukkale il\u00e7esine ba\u011fl\u0131 Ba\u011fba\u015f\u0131 Mahallesi bulunan H\u00fcsamettin Kulakl\u0131 \u0130lkokulu, d\u00fczenledi\u011fi Okuma Haftas\u0131 etkinlikleri kapsam\u0131nda unutulmaz bir k\u00fclt\u00fcr \u015f\u00f6lenine ev sahipli\u011fi yapt\u0131. \u00d6\u011frenciler, T\u00fcrk mizah k\u00fclt\u00fcr\u00fcn\u00fcn iki \u00f6nemli fig\u00fcrleri &#8220;Nasreddin Hoca&#8221; ve &#8220;Karag\u00f6z-Hacivat&#8221; g\u00f6lge oyunu ile e\u011flenceli ve de e\u011fitici bir g\u00fcn ge\u00e7irdi. Okulun 250 ki\u015filik konferans salonunda, yo\u011fun ilgi nedeniyle iki seans halinde ger\u00e7ekle\u015ftirilen g\u00f6sterilere Okul M\u00fcd\u00fcr\u00fc Abidin Mutluba\u015f, \u00f6\u011fretmenler ve t\u00fcm \u00f6\u011frenciler kat\u0131ld\u0131.<\/p>\n<p>Geleneksel k\u00fclt\u00fcr canland\u0131<br \/>\n<br \/>Okuma Haftas\u0131 kapsam\u0131nda d\u00fczenlenen k\u00fclt\u00fcr \u015f\u00f6leninin ilk seans\u0131nda, sanat\u00e7\u0131 Fikret Ba\u015ftu\u011f, Nasreddin Hoca\u2019n\u0131n sevilen f\u0131kralar\u0131n\u0131 \u00f6\u011frencilerle payla\u015ft\u0131. Nasrettin Hoca\u2019n\u0131n hem g\u00fcld\u00fcren hem de d\u00fc\u015f\u00fcnd\u00fcren hikmetli mesajlar\u0131, salonda s\u0131k s\u0131k kahkahalara ve alk\u0131\u015flara neden oldu.<\/p>\n<p>Etkinli\u011fin ikinci seans\u0131nda ise tiyatro sanat\u00e7\u0131lar\u0131 Cemal Camako Esebal\u0131 \u2018Hacivat\u2019 ve H\u0131d\u0131r \u00d6\u011f\u00fcn\u00e7 ise \u2018Karag\u00f6z\u2019 karakterlerini canland\u0131rarak, geleneksel g\u00f6lge oyununun inceliklerini sergiledi. Karag\u00f6z ile Hacivat\u2019\u0131n mizahi at\u0131\u015fmalar\u0131 ve toplumsal mesajlarla dolu diyaloglar\u0131, \u00f6\u011frencilerin b\u00fcy\u00fck be\u011fenisini toplad\u0131.<br \/><\/p>\n","protected":false},"excerpt":{"rendered":"<p>DEN\u0130ZL\u0130 (\u0130HA) \u2013 Denizli\u2019nin Pamukkale il\u00e7esindeki H\u00fcsamettin Kulakl\u0131 \u0130lkokulunda d\u00fczenlenen k\u00fclt\u00fcr \u015f\u00f6leninde, \u00f6\u011frenciler Nasreddin Hoca, Karag\u00f6z ve Hacivat ile bulu\u015ftu. Pamukkale il\u00e7esine ba\u011fl\u0131 Ba\u011fba\u015f\u0131 Mahallesi bulunan H\u00fcsamettin Kulakl\u0131 \u0130lkokulu, d\u00fczenledi\u011fi Okuma Haftas\u0131 etkinlikleri kapsam\u0131nda unutulmaz bir k\u00fclt\u00fcr \u015f\u00f6lenine ev sahipli\u011fi yapt\u0131. \u00d6\u011frenciler, T\u00fcrk mizah k\u00fclt\u00fcr\u00fcn\u00fcn iki \u00f6nemli fig\u00fcrleri &#8220;Nasreddin Hoca&#8221; ve &#8220;Karag\u00f6z-Hacivat&#8221; g\u00f6lge oyunu ile&#8230;<\/p>\n","protected":false},"author":1,"featured_media":55690,"comment_status":"open","ping_status":"open","sticky":false,"template":"","format":"standard","meta":{"_crdt_document":"","footnotes":""},"categories":[1],"tags":[],"class_list":["post-55689","post","type-post","status-publish","format-standard","has-post-thumbnail","hentry","category-guncel"],"_links":{"self":[{"href":"https:\/\/www.egemtv.com\/index.php?rest_route=\/wp\/v2\/posts\/55689","targetHints":{"allow":["GET"]}}],"collection":[{"href":"https:\/\/www.egemtv.com\/index.php?rest_route=\/wp\/v2\/posts"}],"about":[{"href":"https:\/\/www.egemtv.com\/index.php?rest_route=\/wp\/v2\/types\/post"}],"author":[{"embeddable":true,"href":"https:\/\/www.egemtv.com\/index.php?rest_route=\/wp\/v2\/users\/1"}],"replies":[{"embeddable":true,"href":"https:\/\/www.egemtv.com\/index.php?rest_route=%2Fwp%2Fv2%2Fcomments&post=55689"}],"version-history":[{"count":1,"href":"https:\/\/www.egemtv.com\/index.php?rest_route=\/wp\/v2\/posts\/55689\/revisions"}],"predecessor-version":[{"id":55691,"href":"https:\/\/www.egemtv.com\/index.php?rest_route=\/wp\/v2\/posts\/55689\/revisions\/55691"}],"wp:featuredmedia":[{"embeddable":true,"href":"https:\/\/www.egemtv.com\/index.php?rest_route=\/wp\/v2\/media\/55690"}],"wp:attachment":[{"href":"https:\/\/www.egemtv.com\/index.php?rest_route=%2Fwp%2Fv2%2Fmedia&parent=55689"}],"wp:term":[{"taxonomy":"category","embeddable":true,"href":"https:\/\/www.egemtv.com\/index.php?rest_route=%2Fwp%2Fv2%2Fcategories&post=55689"},{"taxonomy":"post_tag","embeddable":true,"href":"https:\/\/www.egemtv.com\/index.php?rest_route=%2Fwp%2Fv2%2Ftags&post=55689"}],"curies":[{"name":"wp","href":"https:\/\/api.w.org\/{rel}","templated":true}]}}