{"id":55686,"date":"2025-09-18T15:16:09","date_gmt":"2025-09-18T12:16:09","guid":{"rendered":"https:\/\/www.egemtv.com\/?p=55686"},"modified":"2025-09-18T15:16:11","modified_gmt":"2025-09-18T12:16:11","slug":"miryokefalon-zaferi-civrilde-konservatuvar-sanatcilarinin-konserleriyle-kutlandi","status":"publish","type":"post","link":"https:\/\/www.egemtv.com\/?p=55686","title":{"rendered":"Miryokefalon Zaferi, \u00c7ivril\u2019de Konservatuvar sanat\u00e7\u0131lar\u0131n\u0131n konserleriyle kutland\u0131"},"content":{"rendered":"<p>Denizli\u2019nin \u00c7ivril il\u00e7esi s\u0131n\u0131rlar\u0131 i\u00e7erisinde kazan\u0131ld\u0131\u011f\u0131 d\u00fc\u015f\u00fcn\u00fclen Miryokefalon Zaferinin 849\u2019uncu y\u0131l d\u00f6n\u00fcm\u00fc kutlamalar\u0131 kapsam\u0131nda B\u00fcy\u00fck\u015fehir Belediyesi Konservatuar\u0131 sanat\u00e7\u0131lar\u0131n\u0131n konserleriyle kutland\u0131.<br \/>\n<br \/>Denizli B\u00fcy\u00fck\u015fehir Belediyesi ve \u00c7ivril Belediyesinin ortakla\u015fa d\u00fczenledikleri Miryokefalon Zaferi kutlamalar\u0131 kapsam\u0131nda \u00c7ivril\u2019de konser d\u00fczenlendi. Denizli B\u00fcy\u00fck\u015fehir Belediyesi Konservatuar sanat\u00e7\u0131lar\u0131 Grup Mesai ve Emin Mert Boyac\u0131o\u011flu\u2019nun sahne ald\u0131\u011f\u0131 kutlamalarda vatanda\u015flar keyifli zaman ge\u00e7irdi.<\/p>\n<p>T\u00fcrk Tarihi i\u00e7in \u00e7ok de\u011ferli olan Miryokefalon Zaferi kutlamalar\u0131n\u0131 \u00c7ivril\u2019de dolu dolu kutlad\u0131klar\u0131n\u0131 belirten \u00c7ivril Belediye Ba\u015fkan\u0131 Semih Dere, &#8220;Tarihimizin d\u00f6n\u00fcm noktalar\u0131ndan biri olan, Anadolu\u2019nun tapusunun T\u00fcrk milleti ad\u0131na tescillendi\u011fi Miryokefalon Zaferi\u2019nin y\u0131l d\u00f6n\u00fcm\u00fc il\u00e7emizde b\u00fcy\u00fck bir co\u015fkuyla kutland\u0131. Bu anlaml\u0131 g\u00fcnde, Denizli B\u00fcy\u00fck\u015fehir Belediyesi Konservatuvar\u0131 sanat\u00e7\u0131lar\u0131ndan Grup Mesai ve Emin Mert Boyac\u0131o\u011flu sahne alarak hem\u015fehrilerimize unutulmaz bir gece ya\u015fatt\u0131. Miryokefalon Zaferinin 849. y\u0131l\u0131 kutlu olsun. Desteklerinden dolay\u0131 Denizli B\u00fcy\u00fck\u015fehir Belediye Ba\u015fkan\u0131m\u0131z Say\u0131n B\u00fclent Nuri \u00c7avu\u015fo\u011flu\u2019na g\u00f6n\u00fclden te\u015fekk\u00fcr ediyoruz&#8221; dedi.<br \/><\/p>\n","protected":false},"excerpt":{"rendered":"<p>Denizli\u2019nin \u00c7ivril il\u00e7esi s\u0131n\u0131rlar\u0131 i\u00e7erisinde kazan\u0131ld\u0131\u011f\u0131 d\u00fc\u015f\u00fcn\u00fclen Miryokefalon Zaferinin 849\u2019uncu y\u0131l d\u00f6n\u00fcm\u00fc kutlamalar\u0131 kapsam\u0131nda B\u00fcy\u00fck\u015fehir Belediyesi Konservatuar\u0131 sanat\u00e7\u0131lar\u0131n\u0131n konserleriyle kutland\u0131. Denizli B\u00fcy\u00fck\u015fehir Belediyesi ve \u00c7ivril Belediyesinin ortakla\u015fa d\u00fczenledikleri Miryokefalon Zaferi kutlamalar\u0131 kapsam\u0131nda \u00c7ivril\u2019de konser d\u00fczenlendi. Denizli B\u00fcy\u00fck\u015fehir Belediyesi Konservatuar sanat\u00e7\u0131lar\u0131 Grup Mesai ve Emin Mert Boyac\u0131o\u011flu\u2019nun sahne ald\u0131\u011f\u0131 kutlamalarda vatanda\u015flar keyifli zaman ge\u00e7irdi. T\u00fcrk Tarihi&#8230;<\/p>\n","protected":false},"author":1,"featured_media":55687,"comment_status":"open","ping_status":"open","sticky":false,"template":"","format":"standard","meta":{"_crdt_document":"","footnotes":""},"categories":[1],"tags":[],"class_list":["post-55686","post","type-post","status-publish","format-standard","has-post-thumbnail","hentry","category-guncel"],"_links":{"self":[{"href":"https:\/\/www.egemtv.com\/index.php?rest_route=\/wp\/v2\/posts\/55686","targetHints":{"allow":["GET"]}}],"collection":[{"href":"https:\/\/www.egemtv.com\/index.php?rest_route=\/wp\/v2\/posts"}],"about":[{"href":"https:\/\/www.egemtv.com\/index.php?rest_route=\/wp\/v2\/types\/post"}],"author":[{"embeddable":true,"href":"https:\/\/www.egemtv.com\/index.php?rest_route=\/wp\/v2\/users\/1"}],"replies":[{"embeddable":true,"href":"https:\/\/www.egemtv.com\/index.php?rest_route=%2Fwp%2Fv2%2Fcomments&post=55686"}],"version-history":[{"count":1,"href":"https:\/\/www.egemtv.com\/index.php?rest_route=\/wp\/v2\/posts\/55686\/revisions"}],"predecessor-version":[{"id":55688,"href":"https:\/\/www.egemtv.com\/index.php?rest_route=\/wp\/v2\/posts\/55686\/revisions\/55688"}],"wp:featuredmedia":[{"embeddable":true,"href":"https:\/\/www.egemtv.com\/index.php?rest_route=\/wp\/v2\/media\/55687"}],"wp:attachment":[{"href":"https:\/\/www.egemtv.com\/index.php?rest_route=%2Fwp%2Fv2%2Fmedia&parent=55686"}],"wp:term":[{"taxonomy":"category","embeddable":true,"href":"https:\/\/www.egemtv.com\/index.php?rest_route=%2Fwp%2Fv2%2Fcategories&post=55686"},{"taxonomy":"post_tag","embeddable":true,"href":"https:\/\/www.egemtv.com\/index.php?rest_route=%2Fwp%2Fv2%2Ftags&post=55686"}],"curies":[{"name":"wp","href":"https:\/\/api.w.org\/{rel}","templated":true}]}}