{"id":55683,"date":"2025-09-18T14:54:51","date_gmt":"2025-09-18T11:54:51","guid":{"rendered":"https:\/\/www.egemtv.com\/?p=55683"},"modified":"2025-09-18T14:54:52","modified_gmt":"2025-09-18T11:54:52","slug":"muglada-10-bin-ton-tibbi-atik-bertaraf-edildi","status":"publish","type":"post","link":"https:\/\/www.egemtv.com\/?p=55683","title":{"rendered":"Mu\u011fla\u2019da 10 Bin ton t\u0131bbi at\u0131k bertaraf edildi"},"content":{"rendered":"<p>Mu\u011fla B\u00fcy\u00fck\u015fehir Belediyesi\u2019nin kurdu\u011fu T\u0131bbi At\u0131k Sterilizasyon ve Bertaraf Tesisi, kuruldu\u011fu g\u00fcnden bu yana 13 il\u00e7edeki sa\u011fl\u0131k kurulu\u015flar\u0131ndan toplanan 10 bin tonun \u00fczerinde t\u0131bbi at\u0131\u011f\u0131 g\u00fcvenli \u015fekilde bertaraf etti. Saatte 500 kilogram kapasiteyle \u00e7al\u0131\u015fan tesiste, modern ta\u015f\u0131ma y\u00f6ntemleri ve 3 adet lisansl\u0131 ara\u00e7la toplanan t\u0131bbi at\u0131klar sterilize edilerek do\u011faya zarar vermeden imha ediliyor.<br \/>\n<br \/>Her ay 125 ton t\u0131bbi at\u0131k sterilize ediliyor<br \/>\n<br \/>Tesis, her ay ortalama 125 ton t\u0131bbi at\u0131\u011f\u0131 y\u00fcksek bas\u0131n\u00e7l\u0131 buhara maruz b\u0131rakarak sterilize ediyor. Bu i\u015flem sonras\u0131nda at\u0131klar\u0131n zarars\u0131z hale gelip gelmedi\u011fi kimyasal ve biyolojik indikat\u00f6rlerle test ediliyor. Steril edilen at\u0131klar daha sonra par\u00e7alanarak hacmi k\u00fc\u00e7\u00fclt\u00fcl\u00fcyor, evsel at\u0131k niteli\u011fi kazan\u0131yor ve Mente\u015fe D\u00fczenli Depolama Tesisi\u2019nde bertaraf ediliyor. Yaln\u0131zca 2025 y\u0131l\u0131n\u0131n Eyl\u00fcl ay\u0131na kadar bin 30 ton t\u0131bbi at\u0131k bu y\u00f6ntemlerle g\u00fcvenli \u015fekilde imha edildi<br \/>\n<br \/>Ba\u015fkan Aras: &#8220;Gelecek nesiller i\u00e7in sorumlulu\u011fumuz b\u00fcy\u00fck&#8221;<br \/>\n<br \/>K\u0131y\u0131 Ege Belediyeler Birli\u011fi ve Mu\u011fla B\u00fcy\u00fck\u015fehir Belediye Ba\u015fkan\u0131 Ahmet Aras, t\u0131bbi at\u0131klar\u0131n \u00e7evreye ve insan sa\u011fl\u0131\u011f\u0131na zarar vermeden bertaraf edilmesinin \u00f6nemine dikkat \u00e7ekti. Ba\u015fkan Aras, \u015funlar\u0131 s\u00f6yledi:<br \/>\n<br \/>&#8220;Mu\u011fla, sadece do\u011fal g\u00fczellikleriyle de\u011fil, ayn\u0131 zamanda \u00e7evreye duyarl\u0131 yat\u0131r\u0131mlar\u0131yla da \u00f6rnek bir kent olmak zorunda. T\u0131bbi at\u0131klar\u0131n do\u011fru y\u00f6ntemlerle imha edilmesi hem insan sa\u011fl\u0131\u011f\u0131 hem de do\u011fam\u0131z i\u00e7in hayati \u00f6neme sahip. B\u00fcy\u00fck\u015fehir Belediyesi olarak bu sorumlulu\u011fu titizlikle yerine getiriyoruz. Amac\u0131m\u0131z, gelecek nesillere daha temiz, sa\u011fl\u0131kl\u0131 ve ya\u015fanabilir bir Mu\u011fla b\u0131rakmak&#8221;<br \/><\/p>\n","protected":false},"excerpt":{"rendered":"<p>Mu\u011fla B\u00fcy\u00fck\u015fehir Belediyesi\u2019nin kurdu\u011fu T\u0131bbi At\u0131k Sterilizasyon ve Bertaraf Tesisi, kuruldu\u011fu g\u00fcnden bu yana 13 il\u00e7edeki sa\u011fl\u0131k kurulu\u015flar\u0131ndan toplanan 10 bin tonun \u00fczerinde t\u0131bbi at\u0131\u011f\u0131 g\u00fcvenli \u015fekilde bertaraf etti. Saatte 500 kilogram kapasiteyle \u00e7al\u0131\u015fan tesiste, modern ta\u015f\u0131ma y\u00f6ntemleri ve 3 adet lisansl\u0131 ara\u00e7la toplanan t\u0131bbi at\u0131klar sterilize edilerek do\u011faya zarar vermeden imha ediliyor. Her ay&#8230;<\/p>\n","protected":false},"author":1,"featured_media":55684,"comment_status":"open","ping_status":"open","sticky":false,"template":"","format":"standard","meta":{"_crdt_document":"","footnotes":""},"categories":[1],"tags":[],"class_list":["post-55683","post","type-post","status-publish","format-standard","has-post-thumbnail","hentry","category-guncel"],"_links":{"self":[{"href":"https:\/\/www.egemtv.com\/index.php?rest_route=\/wp\/v2\/posts\/55683","targetHints":{"allow":["GET"]}}],"collection":[{"href":"https:\/\/www.egemtv.com\/index.php?rest_route=\/wp\/v2\/posts"}],"about":[{"href":"https:\/\/www.egemtv.com\/index.php?rest_route=\/wp\/v2\/types\/post"}],"author":[{"embeddable":true,"href":"https:\/\/www.egemtv.com\/index.php?rest_route=\/wp\/v2\/users\/1"}],"replies":[{"embeddable":true,"href":"https:\/\/www.egemtv.com\/index.php?rest_route=%2Fwp%2Fv2%2Fcomments&post=55683"}],"version-history":[{"count":1,"href":"https:\/\/www.egemtv.com\/index.php?rest_route=\/wp\/v2\/posts\/55683\/revisions"}],"predecessor-version":[{"id":55685,"href":"https:\/\/www.egemtv.com\/index.php?rest_route=\/wp\/v2\/posts\/55683\/revisions\/55685"}],"wp:featuredmedia":[{"embeddable":true,"href":"https:\/\/www.egemtv.com\/index.php?rest_route=\/wp\/v2\/media\/55684"}],"wp:attachment":[{"href":"https:\/\/www.egemtv.com\/index.php?rest_route=%2Fwp%2Fv2%2Fmedia&parent=55683"}],"wp:term":[{"taxonomy":"category","embeddable":true,"href":"https:\/\/www.egemtv.com\/index.php?rest_route=%2Fwp%2Fv2%2Fcategories&post=55683"},{"taxonomy":"post_tag","embeddable":true,"href":"https:\/\/www.egemtv.com\/index.php?rest_route=%2Fwp%2Fv2%2Ftags&post=55683"}],"curies":[{"name":"wp","href":"https:\/\/api.w.org\/{rel}","templated":true}]}}