{"id":55680,"date":"2025-09-18T14:36:00","date_gmt":"2025-09-18T11:36:00","guid":{"rendered":"https:\/\/www.egemtv.com\/?p=55680"},"modified":"2025-09-18T14:36:07","modified_gmt":"2025-09-18T11:36:07","slug":"su-kuyusu-acmaya-calisan-2-ciftci-toprak-altinda-kaldi","status":"publish","type":"post","link":"https:\/\/www.egemtv.com\/?p=55680","title":{"rendered":"Su kuyusu a\u00e7maya \u00e7al\u0131\u015fan 2 \u00e7ift\u00e7i toprak alt\u0131nda kald\u0131"},"content":{"rendered":"<p>Manisa\u2019da su kuyusu a\u00e7mak isteyen 2 \u00e7ift\u00e7i, toprak y\u0131\u011f\u0131n\u0131n\u0131n kaymas\u0131 sonucu g\u00f6\u00e7\u00fck alt\u0131nda kald\u0131.<br \/>\n<br \/>Olay, Akhisar il\u00e7esine ba\u011fl\u0131 \u0130saca Mahallesi S\u0131dan Yaylas\u0131nda meydana geldi. Edinilen bilgiye g\u00f6re Erdal Okatan (44) ve Ercan Okatan (46), tarlalar\u0131n\u0131 sulamak i\u00e7in biriktirme havuzu a\u00e7ma i\u015flemi s\u0131ras\u0131nda toprak kaymas\u0131 sonucu g\u00f6\u00e7\u00fck alt\u0131nda kald\u0131. \u0130hbarla b\u00f6lgeye Manisa B\u00fcy\u00fck\u015fehir Belediyesi \u0130tfaiye Dairesi Ba\u015fkanl\u0131\u011f\u0131na ba\u011fl\u0131 ekipler sevk edildi. Ekipler toprak alt\u0131nda kalan 2 \u00e7ift\u00e7iye ula\u015fmak i\u00e7in \u00e7al\u0131\u015fmalar\u0131n\u0131 s\u00fcrd\u00fcr\u00fcyor.<br \/><\/p>\n","protected":false},"excerpt":{"rendered":"<p>Manisa\u2019da su kuyusu a\u00e7mak isteyen 2 \u00e7ift\u00e7i, toprak y\u0131\u011f\u0131n\u0131n\u0131n kaymas\u0131 sonucu g\u00f6\u00e7\u00fck alt\u0131nda kald\u0131. Olay, Akhisar il\u00e7esine ba\u011fl\u0131 \u0130saca Mahallesi S\u0131dan Yaylas\u0131nda meydana geldi. Edinilen bilgiye g\u00f6re Erdal Okatan (44) ve Ercan Okatan (46), tarlalar\u0131n\u0131 sulamak i\u00e7in biriktirme havuzu a\u00e7ma i\u015flemi s\u0131ras\u0131nda toprak kaymas\u0131 sonucu g\u00f6\u00e7\u00fck alt\u0131nda kald\u0131. \u0130hbarla b\u00f6lgeye Manisa B\u00fcy\u00fck\u015fehir Belediyesi \u0130tfaiye Dairesi&#8230;<\/p>\n","protected":false},"author":1,"featured_media":55681,"comment_status":"open","ping_status":"open","sticky":false,"template":"","format":"standard","meta":{"_crdt_document":"","footnotes":""},"categories":[5],"tags":[],"class_list":["post-55680","post","type-post","status-publish","format-standard","has-post-thumbnail","hentry","category-asayis"],"_links":{"self":[{"href":"https:\/\/www.egemtv.com\/index.php?rest_route=\/wp\/v2\/posts\/55680","targetHints":{"allow":["GET"]}}],"collection":[{"href":"https:\/\/www.egemtv.com\/index.php?rest_route=\/wp\/v2\/posts"}],"about":[{"href":"https:\/\/www.egemtv.com\/index.php?rest_route=\/wp\/v2\/types\/post"}],"author":[{"embeddable":true,"href":"https:\/\/www.egemtv.com\/index.php?rest_route=\/wp\/v2\/users\/1"}],"replies":[{"embeddable":true,"href":"https:\/\/www.egemtv.com\/index.php?rest_route=%2Fwp%2Fv2%2Fcomments&post=55680"}],"version-history":[{"count":1,"href":"https:\/\/www.egemtv.com\/index.php?rest_route=\/wp\/v2\/posts\/55680\/revisions"}],"predecessor-version":[{"id":55682,"href":"https:\/\/www.egemtv.com\/index.php?rest_route=\/wp\/v2\/posts\/55680\/revisions\/55682"}],"wp:featuredmedia":[{"embeddable":true,"href":"https:\/\/www.egemtv.com\/index.php?rest_route=\/wp\/v2\/media\/55681"}],"wp:attachment":[{"href":"https:\/\/www.egemtv.com\/index.php?rest_route=%2Fwp%2Fv2%2Fmedia&parent=55680"}],"wp:term":[{"taxonomy":"category","embeddable":true,"href":"https:\/\/www.egemtv.com\/index.php?rest_route=%2Fwp%2Fv2%2Fcategories&post=55680"},{"taxonomy":"post_tag","embeddable":true,"href":"https:\/\/www.egemtv.com\/index.php?rest_route=%2Fwp%2Fv2%2Ftags&post=55680"}],"curies":[{"name":"wp","href":"https:\/\/api.w.org\/{rel}","templated":true}]}}