{"id":55656,"date":"2025-09-18T12:55:16","date_gmt":"2025-09-18T09:55:16","guid":{"rendered":"https:\/\/www.egemtv.com\/?p=55656"},"modified":"2025-09-18T12:55:17","modified_gmt":"2025-09-18T09:55:17","slug":"kutahyada-lise-ogrencilerine-mavi-vatan-orman-baslikli-egitim","status":"publish","type":"post","link":"https:\/\/www.egemtv.com\/?p=55656","title":{"rendered":"K\u00fctahya\u2019da lise \u00f6\u011frencilerine &#8220;Mavi Vatan: Orman&#8221; ba\u015fl\u0131kl\u0131 e\u011fitim"},"content":{"rendered":"<p>K\u00fctahya Do\u011fa Koruma ve Milli Parklar \u015eube M\u00fcd\u00fcrl\u00fc\u011f\u00fcnce (DKMP) Fatih Lisesi \u00f6\u011frencilerine, &#8220;Mavi Vatan: Orman&#8221; ba\u015fl\u0131kl\u0131 e\u011fitim verildi\u011fi bildirildi.<br \/>\n<br \/>Do\u011fa Koruma ve Milli Parklar M\u00fcd\u00fcrl\u00fc\u011f\u00fc K\u00fctahya \u015eefi Selman Erta\u015f taraf\u0131ndan K\u00fctahya Fatih Lisesi \u00f6\u011frencilerine konferans salonunda &#8220;Mavi Vatan: Orman&#8221; ba\u015fl\u0131kl\u0131 ormanlar\u0131m\u0131z, s\u00fcrd\u00fcr\u00fclebilirlik, biyolojik \u00e7e\u015fitlilik, yaban hayat\u0131 ve korunan alanlar konular\u0131nda sunum yap\u0131ld\u0131. E\u011fitime \u00f6\u011frencilerin yan\u0131 s\u0131ra Okul M\u00fcd\u00fcr\u00fc Mehmet Ali Anatoprak, Okul M\u00fcd\u00fcr Yard\u0131mc\u0131s\u0131 Ethem Erdo\u011fan ve \u00f6\u011fretmenler kat\u0131ld\u0131.<br \/><\/p>\n","protected":false},"excerpt":{"rendered":"<p>K\u00fctahya Do\u011fa Koruma ve Milli Parklar \u015eube M\u00fcd\u00fcrl\u00fc\u011f\u00fcnce (DKMP) Fatih Lisesi \u00f6\u011frencilerine, &#8220;Mavi Vatan: Orman&#8221; ba\u015fl\u0131kl\u0131 e\u011fitim verildi\u011fi bildirildi. Do\u011fa Koruma ve Milli Parklar M\u00fcd\u00fcrl\u00fc\u011f\u00fc K\u00fctahya \u015eefi Selman Erta\u015f taraf\u0131ndan K\u00fctahya Fatih Lisesi \u00f6\u011frencilerine konferans salonunda &#8220;Mavi Vatan: Orman&#8221; ba\u015fl\u0131kl\u0131 ormanlar\u0131m\u0131z, s\u00fcrd\u00fcr\u00fclebilirlik, biyolojik \u00e7e\u015fitlilik, yaban hayat\u0131 ve korunan alanlar konular\u0131nda sunum yap\u0131ld\u0131. E\u011fitime \u00f6\u011frencilerin yan\u0131&#8230;<\/p>\n","protected":false},"author":1,"featured_media":55657,"comment_status":"open","ping_status":"open","sticky":false,"template":"","format":"standard","meta":{"_crdt_document":"","footnotes":""},"categories":[1],"tags":[],"class_list":["post-55656","post","type-post","status-publish","format-standard","has-post-thumbnail","hentry","category-guncel"],"_links":{"self":[{"href":"https:\/\/www.egemtv.com\/index.php?rest_route=\/wp\/v2\/posts\/55656","targetHints":{"allow":["GET"]}}],"collection":[{"href":"https:\/\/www.egemtv.com\/index.php?rest_route=\/wp\/v2\/posts"}],"about":[{"href":"https:\/\/www.egemtv.com\/index.php?rest_route=\/wp\/v2\/types\/post"}],"author":[{"embeddable":true,"href":"https:\/\/www.egemtv.com\/index.php?rest_route=\/wp\/v2\/users\/1"}],"replies":[{"embeddable":true,"href":"https:\/\/www.egemtv.com\/index.php?rest_route=%2Fwp%2Fv2%2Fcomments&post=55656"}],"version-history":[{"count":1,"href":"https:\/\/www.egemtv.com\/index.php?rest_route=\/wp\/v2\/posts\/55656\/revisions"}],"predecessor-version":[{"id":55658,"href":"https:\/\/www.egemtv.com\/index.php?rest_route=\/wp\/v2\/posts\/55656\/revisions\/55658"}],"wp:featuredmedia":[{"embeddable":true,"href":"https:\/\/www.egemtv.com\/index.php?rest_route=\/wp\/v2\/media\/55657"}],"wp:attachment":[{"href":"https:\/\/www.egemtv.com\/index.php?rest_route=%2Fwp%2Fv2%2Fmedia&parent=55656"}],"wp:term":[{"taxonomy":"category","embeddable":true,"href":"https:\/\/www.egemtv.com\/index.php?rest_route=%2Fwp%2Fv2%2Fcategories&post=55656"},{"taxonomy":"post_tag","embeddable":true,"href":"https:\/\/www.egemtv.com\/index.php?rest_route=%2Fwp%2Fv2%2Ftags&post=55656"}],"curies":[{"name":"wp","href":"https:\/\/api.w.org\/{rel}","templated":true}]}}