{"id":55653,"date":"2025-09-18T12:55:15","date_gmt":"2025-09-18T09:55:15","guid":{"rendered":"https:\/\/www.egemtv.com\/?p=55653"},"modified":"2025-09-18T12:55:16","modified_gmt":"2025-09-18T09:55:16","slug":"bodrum-fk-teknik-direktoru-burhan-eser-bizim-her-macimiz-kazanmak-icindir","status":"publish","type":"post","link":"https:\/\/www.egemtv.com\/?p=55653","title":{"rendered":"Bodrum FK Teknik Direkt\u00f6r\u00fc Burhan E\u015fer: &#8220;Bizim her ma\u00e7\u0131m\u0131z kazanmak i\u00e7indir&#8221;"},"content":{"rendered":"<p>Bodrum FK Teknik Direkt\u00f6r\u00fc Burhan E\u015fer, Ankara Ke\u00e7i\u00f6reng\u00fcc\u00fc gibi zorlu bir deplasmandan puan ya da puanlarla ayr\u0131lmak istediklerini s\u00f6yledi. E\u015fer, milli araya kadar nama\u011flup \u015fekilde gitmek istediklerini de belirtti.<br \/>\n<br \/>Trendyol 1. Lig\u2019in 6. haftas\u0131nda Bodrum FK, 20 Eyl\u00fcl Cumartesi g\u00fcn\u00fc saat 16.00\u2019da ba\u015flayacak ma\u00e7ta deplasmanda Ankara Ke\u00e7i\u00f6reng\u00fcc\u00fc ile kar\u015f\u0131 kar\u015f\u0131ya gelecek. Nama\u011flup \u00fcnvan\u0131n\u0131 koruyan ye\u015fil-beyazl\u0131 ekip, zorlu m\u00fccadelenin haz\u0131rl\u0131klar\u0131na devam etti.<br \/>\n<br \/>Bodrum FK Teknik Direkt\u00f6r\u00fc Burhan E\u015fer de m\u00fcsabakaya dair yapt\u0131\u011f\u0131 a\u00e7\u0131klamada, &#8220;Kupa bizim i\u00e7in iyi oldu \u00e7\u00fcnk\u00fc ligde \u015fans veremedi\u011fimiz oyuncular\u0131m\u0131za s\u00fcre verdik. Onlar\u0131 da kupada g\u00f6rm\u00fc\u015f olduk. Tur atlad\u0131\u011f\u0131m\u0131z i\u00e7in mutluyuz. \u00c7\u00fcnk\u00fc Bodrumspor\u2019un armas\u0131n\u0131n oldu\u011fu her yerde hedef vard\u0131r. Bizim her ma\u00e7\u0131m\u0131z kazanmak i\u00e7indir. Ke\u00e7i\u00f6ren zor bir deplasman. \u00c7ok tecr\u00fcbeli bir tak\u0131m, \u00f6zellikle \u00f6n taraf\u0131 g\u00fc\u00e7l\u00fc. Analizlerimizde ge\u00e7en hafta Band\u0131rma kar\u015f\u0131s\u0131nda galibiyeti ka\u00e7\u0131ran taraf olduklar\u0131n\u0131 g\u00f6rd\u00fck. Ligde istedi\u011fimiz gibi gidiyoruz. \u00d6nemli olan ligin sonunda hedefledi\u011fimiz yerde olmak. Zorlu bir periyoda giriyoruz; kupa, lig ve hafta i\u00e7i ma\u00e7lar\u0131m\u0131z var. Milli araya kadar nama\u011flup \u015fekilde gitmek istiyoruz&#8221; \u015feklinde konu\u015ftu.<\/p>\n<p>&#8220;Burada olmaktan mutluyum&#8221;<br \/>\n<br \/>Tak\u0131m\u0131n gen\u00e7 oyuncular\u0131ndan Mert Y\u0131lmaz ise, &#8220;Burada olmaktan \u00e7ok mutluyum. Sezon ba\u015f\u0131ndan beri gelmeyi d\u00fc\u015f\u00fcn\u00fcyordum, sonunda oldu. \u0130n\u015fallah g\u00fczel bir sezon olur. Tak\u0131m iyi gidiyor, moraller \u00e7ok y\u00fcksek. \u0130n\u015fallah sonu \u015fampiyonluk olur&#8221; ifadelerini kulland\u0131.<br \/><\/p>\n","protected":false},"excerpt":{"rendered":"<p>Bodrum FK Teknik Direkt\u00f6r\u00fc Burhan E\u015fer, Ankara Ke\u00e7i\u00f6reng\u00fcc\u00fc gibi zorlu bir deplasmandan puan ya da puanlarla ayr\u0131lmak istediklerini s\u00f6yledi. E\u015fer, milli araya kadar nama\u011flup \u015fekilde gitmek istediklerini de belirtti. Trendyol 1. Lig\u2019in 6. haftas\u0131nda Bodrum FK, 20 Eyl\u00fcl Cumartesi g\u00fcn\u00fc saat 16.00\u2019da ba\u015flayacak ma\u00e7ta deplasmanda Ankara Ke\u00e7i\u00f6reng\u00fcc\u00fc ile kar\u015f\u0131 kar\u015f\u0131ya gelecek. Nama\u011flup \u00fcnvan\u0131n\u0131 koruyan ye\u015fil-beyazl\u0131&#8230;<\/p>\n","protected":false},"author":1,"featured_media":55654,"comment_status":"open","ping_status":"open","sticky":false,"template":"","format":"standard","meta":{"_crdt_document":"","footnotes":""},"categories":[4],"tags":[],"class_list":["post-55653","post","type-post","status-publish","format-standard","has-post-thumbnail","hentry","category-spor"],"_links":{"self":[{"href":"https:\/\/www.egemtv.com\/index.php?rest_route=\/wp\/v2\/posts\/55653","targetHints":{"allow":["GET"]}}],"collection":[{"href":"https:\/\/www.egemtv.com\/index.php?rest_route=\/wp\/v2\/posts"}],"about":[{"href":"https:\/\/www.egemtv.com\/index.php?rest_route=\/wp\/v2\/types\/post"}],"author":[{"embeddable":true,"href":"https:\/\/www.egemtv.com\/index.php?rest_route=\/wp\/v2\/users\/1"}],"replies":[{"embeddable":true,"href":"https:\/\/www.egemtv.com\/index.php?rest_route=%2Fwp%2Fv2%2Fcomments&post=55653"}],"version-history":[{"count":1,"href":"https:\/\/www.egemtv.com\/index.php?rest_route=\/wp\/v2\/posts\/55653\/revisions"}],"predecessor-version":[{"id":55655,"href":"https:\/\/www.egemtv.com\/index.php?rest_route=\/wp\/v2\/posts\/55653\/revisions\/55655"}],"wp:featuredmedia":[{"embeddable":true,"href":"https:\/\/www.egemtv.com\/index.php?rest_route=\/wp\/v2\/media\/55654"}],"wp:attachment":[{"href":"https:\/\/www.egemtv.com\/index.php?rest_route=%2Fwp%2Fv2%2Fmedia&parent=55653"}],"wp:term":[{"taxonomy":"category","embeddable":true,"href":"https:\/\/www.egemtv.com\/index.php?rest_route=%2Fwp%2Fv2%2Fcategories&post=55653"},{"taxonomy":"post_tag","embeddable":true,"href":"https:\/\/www.egemtv.com\/index.php?rest_route=%2Fwp%2Fv2%2Ftags&post=55653"}],"curies":[{"name":"wp","href":"https:\/\/api.w.org\/{rel}","templated":true}]}}