{"id":55650,"date":"2025-09-18T12:55:14","date_gmt":"2025-09-18T09:55:14","guid":{"rendered":"https:\/\/www.egemtv.com\/?p=55650"},"modified":"2025-09-18T12:55:15","modified_gmt":"2025-09-18T09:55:15","slug":"saglik-icin-pedal-cevirdiler","status":"publish","type":"post","link":"https:\/\/www.egemtv.com\/?p=55650","title":{"rendered":"Sa\u011fl\u0131k i\u00e7in pedal \u00e7evirdiler"},"content":{"rendered":"<p>Avrupa Hareketlilik Haftas\u0131 etkinlikleri kapsam\u0131nda Akhisarl\u0131lar bisiklet ve y\u00fcr\u00fcy\u00fc\u015f yolunda sa\u011fl\u0131kl\u0131 ya\u015fam i\u00e7in pedal \u00e7evirdi.<br \/>\n<br \/>16-22 Eyl\u00fcl tarihleri aras\u0131nda kutlanan Avrupa Hareketlilik Haftas\u0131\u2019nda daha sa\u011fl\u0131kl\u0131 bir gelecek, nefes alan bir \u015fehir ve hareketli bir ya\u015fam i\u00e7in, Manisa bir\u00e7ok etkinli\u011fe ev sahipli\u011fi yap\u0131yor. Akhisar\u2019da ger\u00e7ekle\u015ftirilen \u2018Hareketli Ya\u015fam \u0130\u00e7in Pedall\u0131yoruz\u2019 etkinli\u011fi de b\u00fcy\u00fck ilgi g\u00f6rd\u00fc. \u2018Eski Tren Yolu Peyzaj Projesi\u2019nden ba\u015flayan etkinlik, Akhisar Kaymakaml\u0131\u011f\u0131\u2019na kadar devam etti. Etkinlikte Manisa B\u00fcy\u00fck\u015fehir Belediye Ba\u015fkan\u0131 Besim Dutlulu, Akhisar Belediye Ba\u015fkan\u0131 Ekrem Kayserili ve \u00e7ok say\u0131da Akhisarl\u0131, sa\u011fl\u0131kl\u0131 ya\u015fam i\u00e7in pedal \u00e7evirdi.<br \/>\n<br \/>Manisa B\u00fcy\u00fck\u015fehir Belediye Ba\u015fkan\u0131 Besim Dutlulu, Avrupa Hareketlilik Haftas\u0131 kapsam\u0131nda sa\u011fl\u0131kl\u0131 ya\u015fam\u0131n \u00f6nemine dikkat \u00e7ekerek t\u00fcm Manisal\u0131lar\u0131 hareket etmeye davet etti. Ba\u015fkan Dutlulu, &#8220;Avrupa Hareketlilik Haftas\u0131 kapsam\u0131nda, Manisa B\u00fcy\u00fck\u015fehir Belediyesi olarak Akhisar\u2019a kazand\u0131rd\u0131\u011f\u0131m\u0131z bisiklet ve y\u00fcr\u00fcy\u00fc\u015f yolunda vatanda\u015flar\u0131m\u0131zla birlikte pedal \u00e7evirdik. Avrupa Hareketlilik Haftas\u0131nda hareket etmeye devam ediyoruz. Y\u00fcr\u00fcmeye, bisiklete binmeye devam ediyoruz. \u00c7ocuklar\u0131m\u0131zla, gen\u00e7lerimizle, Akhisar Belediye Ba\u015fkan\u0131m\u0131zla bu haftay\u0131 dolu dolu ge\u00e7iriyoruz.&#8221; dedi.<br \/><\/p>\n","protected":false},"excerpt":{"rendered":"<p>Avrupa Hareketlilik Haftas\u0131 etkinlikleri kapsam\u0131nda Akhisarl\u0131lar bisiklet ve y\u00fcr\u00fcy\u00fc\u015f yolunda sa\u011fl\u0131kl\u0131 ya\u015fam i\u00e7in pedal \u00e7evirdi. 16-22 Eyl\u00fcl tarihleri aras\u0131nda kutlanan Avrupa Hareketlilik Haftas\u0131\u2019nda daha sa\u011fl\u0131kl\u0131 bir gelecek, nefes alan bir \u015fehir ve hareketli bir ya\u015fam i\u00e7in, Manisa bir\u00e7ok etkinli\u011fe ev sahipli\u011fi yap\u0131yor. Akhisar\u2019da ger\u00e7ekle\u015ftirilen \u2018Hareketli Ya\u015fam \u0130\u00e7in Pedall\u0131yoruz\u2019 etkinli\u011fi de b\u00fcy\u00fck ilgi g\u00f6rd\u00fc. \u2018Eski Tren&#8230;<\/p>\n","protected":false},"author":1,"featured_media":55651,"comment_status":"open","ping_status":"open","sticky":false,"template":"","format":"standard","meta":{"_crdt_document":"","footnotes":""},"categories":[2],"tags":[],"class_list":["post-55650","post","type-post","status-publish","format-standard","has-post-thumbnail","hentry","category-saglik"],"_links":{"self":[{"href":"https:\/\/www.egemtv.com\/index.php?rest_route=\/wp\/v2\/posts\/55650","targetHints":{"allow":["GET"]}}],"collection":[{"href":"https:\/\/www.egemtv.com\/index.php?rest_route=\/wp\/v2\/posts"}],"about":[{"href":"https:\/\/www.egemtv.com\/index.php?rest_route=\/wp\/v2\/types\/post"}],"author":[{"embeddable":true,"href":"https:\/\/www.egemtv.com\/index.php?rest_route=\/wp\/v2\/users\/1"}],"replies":[{"embeddable":true,"href":"https:\/\/www.egemtv.com\/index.php?rest_route=%2Fwp%2Fv2%2Fcomments&post=55650"}],"version-history":[{"count":1,"href":"https:\/\/www.egemtv.com\/index.php?rest_route=\/wp\/v2\/posts\/55650\/revisions"}],"predecessor-version":[{"id":55652,"href":"https:\/\/www.egemtv.com\/index.php?rest_route=\/wp\/v2\/posts\/55650\/revisions\/55652"}],"wp:featuredmedia":[{"embeddable":true,"href":"https:\/\/www.egemtv.com\/index.php?rest_route=\/wp\/v2\/media\/55651"}],"wp:attachment":[{"href":"https:\/\/www.egemtv.com\/index.php?rest_route=%2Fwp%2Fv2%2Fmedia&parent=55650"}],"wp:term":[{"taxonomy":"category","embeddable":true,"href":"https:\/\/www.egemtv.com\/index.php?rest_route=%2Fwp%2Fv2%2Fcategories&post=55650"},{"taxonomy":"post_tag","embeddable":true,"href":"https:\/\/www.egemtv.com\/index.php?rest_route=%2Fwp%2Fv2%2Ftags&post=55650"}],"curies":[{"name":"wp","href":"https:\/\/api.w.org\/{rel}","templated":true}]}}