{"id":55386,"date":"2025-09-17T11:55:50","date_gmt":"2025-09-17T08:55:50","guid":{"rendered":"https:\/\/www.egemtv.com\/?p=55386"},"modified":"2025-09-17T11:55:51","modified_gmt":"2025-09-17T08:55:51","slug":"kutahyada-avrupa-hareketlilik-haftasi-etkinlikleri-basladi","status":"publish","type":"post","link":"https:\/\/www.egemtv.com\/?p=55386","title":{"rendered":"K\u00fctahya\u2019da Avrupa Hareketlilik Haftas\u0131 etkinlikleri ba\u015flad\u0131"},"content":{"rendered":"<p>K\u00fctahya Belediyesi taraf\u0131ndan d\u00fczenlenen Avrupa Hareketlilik Haftas\u0131 etkinlikleri, Belediye Ba\u015fkan\u0131 Ey\u00fcp Kahveci ve vatanda\u015flar\u0131n kat\u0131l\u0131m\u0131yla ger\u00e7ekle\u015fen a\u00e7\u0131l\u0131\u015f kortejiyle ba\u015flad\u0131.<br \/>\n<br \/>2002 y\u0131l\u0131ndan bu yana kutlanan ve bu y\u0131l\u0131n temas\u0131 &#8220;Herkes i\u00e7in Hareketlilik (Mobility for Everyone)&#8221; olarak belirlenen etkinlikte, TEMA Vakf\u0131 temsilcileri, sivil toplum kurulu\u015flar\u0131, belediye ba\u015fkan yard\u0131mc\u0131lar\u0131, belediye personeli ve \u00e7ok say\u0131da vatanda\u015f K\u00fctahya Valili\u011fi \u00f6n\u00fcnden Belediye binas\u0131na pankartlarla y\u00fcr\u00fcd\u00fc.<br \/>\n<br \/>Belediye Ba\u015fkan\u0131 Ey\u00fcp Kahveci, a\u00e7\u0131l\u0131\u015f konu\u015fmas\u0131nda TEMA Vakf\u0131 kurucular\u0131 merhum Hayrettin Karaca ve Nihat G\u00f6kyi\u011fit\u2019i rahmetle and\u0131. Kahveci, &#8220;Avrupa Hareketlilik Haftas\u0131, \u015fehrimizin gelece\u011fine dair ortak bir vizyonun, sa\u011fl\u0131kl\u0131 ve s\u00fcrd\u00fcr\u00fclebilir bir ya\u015fam\u0131n simgesidir. D\u00fcnyan\u0131n d\u00f6rt bir yan\u0131nda e\u015f zamanl\u0131 d\u00fczenlenen bu hafta, \u015fehirlerimizi daha ya\u015fanabilir, ye\u015fil ve sa\u011fl\u0131kl\u0131 k\u0131lmak i\u00e7in \u00f6nemli bir f\u0131rsatt\u0131r&#8221; dedi.<br \/>\n<br \/>&#8220;Kat\u0131l\u0131mc\u0131 ve bilin\u00e7li bir \u015fehir k\u00fclt\u00fcr\u00fc&#8221;<br \/>\n<br \/>Ula\u015f\u0131m ve ya\u015fam al\u0131\u015fkanl\u0131klar\u0131ndaki k\u00fc\u00e7\u00fck de\u011fi\u015fikliklerin ya\u015fam kalitesini do\u011frudan etkileyece\u011fini vurgulayan Ba\u015fkan Kahveci, hafta boyunca y\u00fcr\u00fcy\u00fc\u015f etkinliklerinden \u00e7\u00f6p toplama kampanyalar\u0131na, spor aktivitelerinden basketbol turnuvalar\u0131na kadar geni\u015f bir program haz\u0131rlad\u0131klar\u0131n\u0131 belirtti. Kahveci, &#8220;As\u0131l hedefimiz, kat\u0131l\u0131mc\u0131 ve bilin\u00e7li bir \u015fehir k\u00fclt\u00fcr\u00fc olu\u015fturmak. Her ya\u015ftan insan\u0131m\u0131z\u0131, \u00f6zellikle \u00e7ocuklar\u0131m\u0131z\u0131 ve gen\u00e7lerimizi bu etkinliklerde g\u00f6rmek bizi mutlu edecek&#8221; diye konu\u015ftu.<br \/>\n<br \/>Ba\u015fkan Kahveci, t\u00fcm vatanda\u015flar\u0131, sivil toplum kurulu\u015flar\u0131n\u0131 ve okullar\u0131 etkinliklere kat\u0131lmaya davet ederek Avrupa Hareketlilik Haftas\u0131\u2019n\u0131 kutlad\u0131.<br \/><\/p>\n","protected":false},"excerpt":{"rendered":"<p>K\u00fctahya Belediyesi taraf\u0131ndan d\u00fczenlenen Avrupa Hareketlilik Haftas\u0131 etkinlikleri, Belediye Ba\u015fkan\u0131 Ey\u00fcp Kahveci ve vatanda\u015flar\u0131n kat\u0131l\u0131m\u0131yla ger\u00e7ekle\u015fen a\u00e7\u0131l\u0131\u015f kortejiyle ba\u015flad\u0131. 2002 y\u0131l\u0131ndan bu yana kutlanan ve bu y\u0131l\u0131n temas\u0131 &#8220;Herkes i\u00e7in Hareketlilik (Mobility for Everyone)&#8221; olarak belirlenen etkinlikte, TEMA Vakf\u0131 temsilcileri, sivil toplum kurulu\u015flar\u0131, belediye ba\u015fkan yard\u0131mc\u0131lar\u0131, belediye personeli ve \u00e7ok say\u0131da vatanda\u015f K\u00fctahya Valili\u011fi \u00f6n\u00fcnden&#8230;<\/p>\n","protected":false},"author":1,"featured_media":55387,"comment_status":"open","ping_status":"open","sticky":false,"template":"","format":"standard","meta":{"_crdt_document":"","footnotes":""},"categories":[123],"tags":[],"class_list":["post-55386","post","type-post","status-publish","format-standard","has-post-thumbnail","hentry","category-gundem"],"_links":{"self":[{"href":"https:\/\/www.egemtv.com\/index.php?rest_route=\/wp\/v2\/posts\/55386","targetHints":{"allow":["GET"]}}],"collection":[{"href":"https:\/\/www.egemtv.com\/index.php?rest_route=\/wp\/v2\/posts"}],"about":[{"href":"https:\/\/www.egemtv.com\/index.php?rest_route=\/wp\/v2\/types\/post"}],"author":[{"embeddable":true,"href":"https:\/\/www.egemtv.com\/index.php?rest_route=\/wp\/v2\/users\/1"}],"replies":[{"embeddable":true,"href":"https:\/\/www.egemtv.com\/index.php?rest_route=%2Fwp%2Fv2%2Fcomments&post=55386"}],"version-history":[{"count":1,"href":"https:\/\/www.egemtv.com\/index.php?rest_route=\/wp\/v2\/posts\/55386\/revisions"}],"predecessor-version":[{"id":55388,"href":"https:\/\/www.egemtv.com\/index.php?rest_route=\/wp\/v2\/posts\/55386\/revisions\/55388"}],"wp:featuredmedia":[{"embeddable":true,"href":"https:\/\/www.egemtv.com\/index.php?rest_route=\/wp\/v2\/media\/55387"}],"wp:attachment":[{"href":"https:\/\/www.egemtv.com\/index.php?rest_route=%2Fwp%2Fv2%2Fmedia&parent=55386"}],"wp:term":[{"taxonomy":"category","embeddable":true,"href":"https:\/\/www.egemtv.com\/index.php?rest_route=%2Fwp%2Fv2%2Fcategories&post=55386"},{"taxonomy":"post_tag","embeddable":true,"href":"https:\/\/www.egemtv.com\/index.php?rest_route=%2Fwp%2Fv2%2Ftags&post=55386"}],"curies":[{"name":"wp","href":"https:\/\/api.w.org\/{rel}","templated":true}]}}