{"id":55383,"date":"2025-09-17T11:55:48","date_gmt":"2025-09-17T08:55:48","guid":{"rendered":"https:\/\/www.egemtv.com\/?p=55383"},"modified":"2025-09-17T11:55:50","modified_gmt":"2025-09-17T08:55:50","slug":"izmirden-manisaya-uyusturucu-sevkiyati-yapan-sahis-yakalandi","status":"publish","type":"post","link":"https:\/\/www.egemtv.com\/?p=55383","title":{"rendered":"\u0130zmir\u2019den Manisa\u2019ya uyu\u015fturucu sevkiyat\u0131 yapan \u015fah\u0131s yakaland\u0131"},"content":{"rendered":"<p>Manisa\u2019n\u0131n Akhisar il\u00e7esine \u0130zmir\u2019den uyu\u015fturucu sevkiyat\u0131 yap\u0131ld\u0131\u011f\u0131 istihbarat\u0131 \u00fczerine harekete ge\u00e7en Manisa \u0130l Emniyet M\u00fcd\u00fcrl\u00fc\u011f\u00fc Narkotik Su\u00e7larla M\u00fccadele \u015eube M\u00fcd\u00fcrl\u00fc\u011f\u00fc ve Akhisar Narkotik Su\u00e7larla M\u00fccadele B\u00fcro Amirli\u011fi ekipleri d\u00fczenledikleri operasyonla \u00e7ok say\u0131da uyu\u015fturucu madde ele ge\u00e7irdi.<br \/>\n<br \/>\u0130zmir\u2019den Manisa\u2019ya uyu\u015fturucu sevkiyat\u0131 yap\u0131ld\u0131\u011f\u0131 istihbarat\u0131 \u00fczerine Akhisar Cumhuriyet Ba\u015fsavc\u0131l\u0131\u011f\u0131 koordinesinde, Manisa \u0130l Emniyet M\u00fcd\u00fcrl\u00fc\u011f\u00fc Narkotik Su\u00e7larla M\u00fccadele \u015eube M\u00fcd\u00fcrl\u00fc\u011f\u00fc ve Akhisar Narkotik Su\u00e7larla M\u00fccadele B\u00fcro Amirli\u011fi ekipleri taraf\u0131ndan operasyon d\u00fczenlendi. Operasyonda \u00d6.Y. (30) isimli \u015fahs\u0131n kulland\u0131\u011f\u0131 ara\u00e7 i\u00e7erisinde yap\u0131lan aramalarda 99,24 gram metamfetamin maddesi ele ge\u00e7irildi. &#8220;Uyu\u015fturucu veya Uyar\u0131c\u0131 Madde \u0130mal ve Ticareti&#8221; su\u00e7undan g\u00f6zalt\u0131na al\u0131nan \u00d6.Y., \u00e7\u0131kar\u0131ld\u0131\u011f\u0131 mahkemece tutuklanarak cezaevine g\u00f6nderildi.<br \/><\/p>\n","protected":false},"excerpt":{"rendered":"<p>Manisa\u2019n\u0131n Akhisar il\u00e7esine \u0130zmir\u2019den uyu\u015fturucu sevkiyat\u0131 yap\u0131ld\u0131\u011f\u0131 istihbarat\u0131 \u00fczerine harekete ge\u00e7en Manisa \u0130l Emniyet M\u00fcd\u00fcrl\u00fc\u011f\u00fc Narkotik Su\u00e7larla M\u00fccadele \u015eube M\u00fcd\u00fcrl\u00fc\u011f\u00fc ve Akhisar Narkotik Su\u00e7larla M\u00fccadele B\u00fcro Amirli\u011fi ekipleri d\u00fczenledikleri operasyonla \u00e7ok say\u0131da uyu\u015fturucu madde ele ge\u00e7irdi. \u0130zmir\u2019den Manisa\u2019ya uyu\u015fturucu sevkiyat\u0131 yap\u0131ld\u0131\u011f\u0131 istihbarat\u0131 \u00fczerine Akhisar Cumhuriyet Ba\u015fsavc\u0131l\u0131\u011f\u0131 koordinesinde, Manisa \u0130l Emniyet M\u00fcd\u00fcrl\u00fc\u011f\u00fc Narkotik Su\u00e7larla M\u00fccadele \u015eube&#8230;<\/p>\n","protected":false},"author":1,"featured_media":55384,"comment_status":"open","ping_status":"open","sticky":false,"template":"","format":"standard","meta":{"_crdt_document":"","footnotes":""},"categories":[5],"tags":[],"class_list":["post-55383","post","type-post","status-publish","format-standard","has-post-thumbnail","hentry","category-asayis"],"_links":{"self":[{"href":"https:\/\/www.egemtv.com\/index.php?rest_route=\/wp\/v2\/posts\/55383","targetHints":{"allow":["GET"]}}],"collection":[{"href":"https:\/\/www.egemtv.com\/index.php?rest_route=\/wp\/v2\/posts"}],"about":[{"href":"https:\/\/www.egemtv.com\/index.php?rest_route=\/wp\/v2\/types\/post"}],"author":[{"embeddable":true,"href":"https:\/\/www.egemtv.com\/index.php?rest_route=\/wp\/v2\/users\/1"}],"replies":[{"embeddable":true,"href":"https:\/\/www.egemtv.com\/index.php?rest_route=%2Fwp%2Fv2%2Fcomments&post=55383"}],"version-history":[{"count":1,"href":"https:\/\/www.egemtv.com\/index.php?rest_route=\/wp\/v2\/posts\/55383\/revisions"}],"predecessor-version":[{"id":55385,"href":"https:\/\/www.egemtv.com\/index.php?rest_route=\/wp\/v2\/posts\/55383\/revisions\/55385"}],"wp:featuredmedia":[{"embeddable":true,"href":"https:\/\/www.egemtv.com\/index.php?rest_route=\/wp\/v2\/media\/55384"}],"wp:attachment":[{"href":"https:\/\/www.egemtv.com\/index.php?rest_route=%2Fwp%2Fv2%2Fmedia&parent=55383"}],"wp:term":[{"taxonomy":"category","embeddable":true,"href":"https:\/\/www.egemtv.com\/index.php?rest_route=%2Fwp%2Fv2%2Fcategories&post=55383"},{"taxonomy":"post_tag","embeddable":true,"href":"https:\/\/www.egemtv.com\/index.php?rest_route=%2Fwp%2Fv2%2Ftags&post=55383"}],"curies":[{"name":"wp","href":"https:\/\/api.w.org\/{rel}","templated":true}]}}