{"id":55380,"date":"2025-09-17T11:55:47","date_gmt":"2025-09-17T08:55:47","guid":{"rendered":"https:\/\/www.egemtv.com\/?p=55380"},"modified":"2025-09-17T11:55:48","modified_gmt":"2025-09-17T08:55:48","slug":"altintasta-ogretmen-ve-ogrenciler-gazilerle-bir-araya-geldi","status":"publish","type":"post","link":"https:\/\/www.egemtv.com\/?p=55380","title":{"rendered":"Alt\u0131nta\u015f\u2019ta \u00f6\u011fretmen ve \u00f6\u011frenciler gazilerle bir araya geldi"},"content":{"rendered":"<p>K\u00fctahya\u2019n\u0131n Alt\u0131nta\u015f il\u00e7esindeki \u0130stanbul Ticaret Odas\u0131 \u015eehit S\u00fcleyman Turan Anadolu Lisesinde 15-19 Eyl\u00fcl Gaziler Haftas\u0131 \u00e7er\u00e7evesinde d\u00fczenlenen programda \u00f6\u011fretmen ve \u00f6\u011frenciler gazilerle bir araya geldi.<br \/>\n<br \/>Programda gazilerin hayat tecr\u00fcbeleri ve vatan u\u011fruna verdikleri fedak\u00e2rl\u0131klar \u00fczerine yapt\u0131klar\u0131 sohbetler, \u00f6\u011frencilerin g\u00f6n\u00fcllerinde derin izler b\u0131rakt\u0131. \u00d6\u011frenciler, ge\u00e7mi\u015fin kahramanl\u0131k dolu hik\u00e2yelerinden gelece\u011fe \u0131\u015f\u0131k olacak dersler \u00e7\u0131kard\u0131lar.<br \/>\n<br \/>Programa \u0130l\u00e7e Milli E\u011fitim M\u00fcd\u00fcr\u00fc \u0130smail \u00d6zden ve \u015fube m\u00fcd\u00fcrleri de kat\u0131ld\u0131.<br \/><\/p>\n","protected":false},"excerpt":{"rendered":"<p>K\u00fctahya\u2019n\u0131n Alt\u0131nta\u015f il\u00e7esindeki \u0130stanbul Ticaret Odas\u0131 \u015eehit S\u00fcleyman Turan Anadolu Lisesinde 15-19 Eyl\u00fcl Gaziler Haftas\u0131 \u00e7er\u00e7evesinde d\u00fczenlenen programda \u00f6\u011fretmen ve \u00f6\u011frenciler gazilerle bir araya geldi. Programda gazilerin hayat tecr\u00fcbeleri ve vatan u\u011fruna verdikleri fedak\u00e2rl\u0131klar \u00fczerine yapt\u0131klar\u0131 sohbetler, \u00f6\u011frencilerin g\u00f6n\u00fcllerinde derin izler b\u0131rakt\u0131. \u00d6\u011frenciler, ge\u00e7mi\u015fin kahramanl\u0131k dolu hik\u00e2yelerinden gelece\u011fe \u0131\u015f\u0131k olacak dersler \u00e7\u0131kard\u0131lar. Programa \u0130l\u00e7e Milli&#8230;<\/p>\n","protected":false},"author":1,"featured_media":55381,"comment_status":"open","ping_status":"open","sticky":false,"template":"","format":"standard","meta":{"_crdt_document":"","footnotes":""},"categories":[123],"tags":[],"class_list":["post-55380","post","type-post","status-publish","format-standard","has-post-thumbnail","hentry","category-gundem"],"_links":{"self":[{"href":"https:\/\/www.egemtv.com\/index.php?rest_route=\/wp\/v2\/posts\/55380","targetHints":{"allow":["GET"]}}],"collection":[{"href":"https:\/\/www.egemtv.com\/index.php?rest_route=\/wp\/v2\/posts"}],"about":[{"href":"https:\/\/www.egemtv.com\/index.php?rest_route=\/wp\/v2\/types\/post"}],"author":[{"embeddable":true,"href":"https:\/\/www.egemtv.com\/index.php?rest_route=\/wp\/v2\/users\/1"}],"replies":[{"embeddable":true,"href":"https:\/\/www.egemtv.com\/index.php?rest_route=%2Fwp%2Fv2%2Fcomments&post=55380"}],"version-history":[{"count":1,"href":"https:\/\/www.egemtv.com\/index.php?rest_route=\/wp\/v2\/posts\/55380\/revisions"}],"predecessor-version":[{"id":55382,"href":"https:\/\/www.egemtv.com\/index.php?rest_route=\/wp\/v2\/posts\/55380\/revisions\/55382"}],"wp:featuredmedia":[{"embeddable":true,"href":"https:\/\/www.egemtv.com\/index.php?rest_route=\/wp\/v2\/media\/55381"}],"wp:attachment":[{"href":"https:\/\/www.egemtv.com\/index.php?rest_route=%2Fwp%2Fv2%2Fmedia&parent=55380"}],"wp:term":[{"taxonomy":"category","embeddable":true,"href":"https:\/\/www.egemtv.com\/index.php?rest_route=%2Fwp%2Fv2%2Fcategories&post=55380"},{"taxonomy":"post_tag","embeddable":true,"href":"https:\/\/www.egemtv.com\/index.php?rest_route=%2Fwp%2Fv2%2Ftags&post=55380"}],"curies":[{"name":"wp","href":"https:\/\/api.w.org\/{rel}","templated":true}]}}