{"id":55377,"date":"2025-09-17T11:35:37","date_gmt":"2025-09-17T08:35:37","guid":{"rendered":"https:\/\/www.egemtv.com\/?p=55377"},"modified":"2025-09-17T11:35:37","modified_gmt":"2025-09-17T08:35:37","slug":"muradiye-engelsiz-yasam-merkezinde-yeni-egitim-yili-basladi","status":"publish","type":"post","link":"https:\/\/www.egemtv.com\/?p=55377","title":{"rendered":"Muradiye Engelsiz Ya\u015fam Merkezi\u2019nde yeni e\u011fitim y\u0131l\u0131 ba\u015flad\u0131"},"content":{"rendered":"<p>Yunusemre Belediyesi Muradiye Engelsiz Ya\u015fam Merkezi\u2019nde 2025-2026 E\u011fitim-\u00d6\u011fretim Y\u0131l\u0131 heyecan\u0131 ba\u015flad\u0131. A\u00e7\u0131l\u0131\u015fta \u00f6\u011frenciler, \u00f6\u011fretmenleri ve aileleriyle keyifli anlar ya\u015farken, eyl\u00fcl do\u011fumlu \u00e7ocuklar\u0131n do\u011fum g\u00fcn\u00fc de kutland\u0131.<br \/>\n<br \/>Yunusemre Belediyesi Muradiye Engelsiz Ya\u015fam Merkezi\u2019nde 2025-2026 E\u011fitim-\u00d6\u011fretim Y\u0131l\u0131 a\u00e7\u0131l\u0131\u015f\u0131 co\u015fkuyla ger\u00e7ekle\u015ftirildi. \u00d6\u011frenciler, \u00f6\u011fretmenleri ve aileleriyle birlikte keyifli bir g\u00fcn ge\u00e7irirken, etkinlik kapsam\u0131nda eyl\u00fcl ay\u0131nda do\u011fan \u00f6\u011frenciler i\u00e7in do\u011fum g\u00fcn\u00fc kutlamas\u0131 da yap\u0131ld\u0131. Renkli ve samimi g\u00f6r\u00fcnt\u00fclere sahne olan a\u00e7\u0131l\u0131\u015f program\u0131, yeni sezona moral dolu bir ba\u015flang\u0131\u00e7 oldu. Etkinli\u011fe, Yunusemre Belediye Ba\u015fkan Yard\u0131mc\u0131s\u0131 Hakan G\u00fcrtunca, Yunusemre \u0130l\u00e7e Halk E\u011fitim Merkezi M\u00fcd\u00fcr\u00fc Ay\u015fen O\u011fuz, Belediye Sa\u011fl\u0131k \u0130\u015fleri M\u00fcd\u00fcr\u00fc Birsen \u00d6cal, \u00f6\u011fretmenler, \u00f6\u011frenciler ve aileleri kat\u0131ld\u0131.<br \/>\n<br \/>Yeni e\u011fitim-\u00f6\u011fretim y\u0131l\u0131n\u0131n hay\u0131rl\u0131 olmas\u0131n\u0131 dileyen Yunusemre Belediye Ba\u015fkan Yard\u0131mc\u0131s\u0131 Hakan G\u00fcrtunca, engelli bireylerin ya\u015fam kalitesini artt\u0131rmak i\u00e7in \u00e7al\u0131\u015ft\u0131klar\u0131n\u0131 belirterek \u015funlar\u0131 s\u00f6yledi: &#8220;Bu g\u00fczel \u00e7ocuklara ne yapsak azd\u0131r. Yunusemre Belediyesi olarak engelli bireylerimizin ya\u015fam kalitesini art\u0131rmay\u0131 en \u00f6nemli g\u00f6revlerimizden biri olarak g\u00f6r\u00fcyoruz. Onlar\u0131n e\u011fitimine, sosyal hayata kat\u0131l\u0131m\u0131na, mutlu bireyler olarak ya\u015famlar\u0131n\u0131 s\u00fcrd\u00fcrmelerine katk\u0131 sa\u011flamak bizler i\u00e7in b\u00fcy\u00fck bir onur. Bu konuda bize deste\u011fini esirgemeyen Yunusemre Belediye Ba\u015fkan\u0131m\u0131z Semih Balaban\u2019a, Yunusemre \u0130l\u00e7e Halk E\u011fitim Merkezi M\u00fcd\u00fcr\u00fcm\u00fcz Ay\u015fen O\u011fuz\u2019a, Sa\u011fl\u0131k \u0130\u015fleri M\u00fcd\u00fcrl\u00fc\u011f\u00fcm\u00fcze, \u00f6\u011fretmenlerimize, personelimize ve velilerimize te\u015fekk\u00fcr ediyorum. Engelsiz bir Yunusemre i\u00e7in \u00e7al\u0131\u015fmaya devam edece\u011fiz&#8221; ifadelerini kulland\u0131.<br \/>\n<br \/>Yunusemre \u0130l\u00e7e Halk E\u011fitim Merkezi M\u00fcd\u00fcr\u00fc Ay\u015fen O\u011fuz ise merkezin 7 y\u0131ld\u0131r s\u00fcrd\u00fcr\u00fclebilir hale gelmesi i\u00e7in yo\u011fun bir emek verildi\u011fini ifade ederek, &#8220;Ba\u015fta Yunusemre Belediye Ba\u015fkan\u0131m\u0131z Semih Balaban olmak \u00fczere eme\u011fi ge\u00e7en herkese te\u015fekk\u00fcr ediyorum. Kurum olarak engelli bireylerimizin her zaman yan\u0131nday\u0131z ve onlar\u0131n hayatlar\u0131n\u0131 kolayla\u015ft\u0131rmak i\u00e7in deste\u011fe haz\u0131r\u0131z&#8221; dedi.<br \/><\/p>\n","protected":false},"excerpt":{"rendered":"<p>Yunusemre Belediyesi Muradiye Engelsiz Ya\u015fam Merkezi\u2019nde 2025-2026 E\u011fitim-\u00d6\u011fretim Y\u0131l\u0131 heyecan\u0131 ba\u015flad\u0131. A\u00e7\u0131l\u0131\u015fta \u00f6\u011frenciler, \u00f6\u011fretmenleri ve aileleriyle keyifli anlar ya\u015farken, eyl\u00fcl do\u011fumlu \u00e7ocuklar\u0131n do\u011fum g\u00fcn\u00fc de kutland\u0131. Yunusemre Belediyesi Muradiye Engelsiz Ya\u015fam Merkezi\u2019nde 2025-2026 E\u011fitim-\u00d6\u011fretim Y\u0131l\u0131 a\u00e7\u0131l\u0131\u015f\u0131 co\u015fkuyla ger\u00e7ekle\u015ftirildi. \u00d6\u011frenciler, \u00f6\u011fretmenleri ve aileleriyle birlikte keyifli bir g\u00fcn ge\u00e7irirken, etkinlik kapsam\u0131nda eyl\u00fcl ay\u0131nda do\u011fan \u00f6\u011frenciler i\u00e7in do\u011fum&#8230;<\/p>\n","protected":false},"author":1,"featured_media":55378,"comment_status":"open","ping_status":"open","sticky":false,"template":"","format":"standard","meta":{"_crdt_document":"","footnotes":""},"categories":[1],"tags":[],"class_list":["post-55377","post","type-post","status-publish","format-standard","has-post-thumbnail","hentry","category-guncel"],"_links":{"self":[{"href":"https:\/\/www.egemtv.com\/index.php?rest_route=\/wp\/v2\/posts\/55377","targetHints":{"allow":["GET"]}}],"collection":[{"href":"https:\/\/www.egemtv.com\/index.php?rest_route=\/wp\/v2\/posts"}],"about":[{"href":"https:\/\/www.egemtv.com\/index.php?rest_route=\/wp\/v2\/types\/post"}],"author":[{"embeddable":true,"href":"https:\/\/www.egemtv.com\/index.php?rest_route=\/wp\/v2\/users\/1"}],"replies":[{"embeddable":true,"href":"https:\/\/www.egemtv.com\/index.php?rest_route=%2Fwp%2Fv2%2Fcomments&post=55377"}],"version-history":[{"count":1,"href":"https:\/\/www.egemtv.com\/index.php?rest_route=\/wp\/v2\/posts\/55377\/revisions"}],"predecessor-version":[{"id":55379,"href":"https:\/\/www.egemtv.com\/index.php?rest_route=\/wp\/v2\/posts\/55377\/revisions\/55379"}],"wp:featuredmedia":[{"embeddable":true,"href":"https:\/\/www.egemtv.com\/index.php?rest_route=\/wp\/v2\/media\/55378"}],"wp:attachment":[{"href":"https:\/\/www.egemtv.com\/index.php?rest_route=%2Fwp%2Fv2%2Fmedia&parent=55377"}],"wp:term":[{"taxonomy":"category","embeddable":true,"href":"https:\/\/www.egemtv.com\/index.php?rest_route=%2Fwp%2Fv2%2Fcategories&post=55377"},{"taxonomy":"post_tag","embeddable":true,"href":"https:\/\/www.egemtv.com\/index.php?rest_route=%2Fwp%2Fv2%2Ftags&post=55377"}],"curies":[{"name":"wp","href":"https:\/\/api.w.org\/{rel}","templated":true}]}}